{"id":4386,"date":"2012-05-29T02:27:23","date_gmt":"2012-05-29T02:27:23","guid":{"rendered":"http:\/\/e-anjelik.sk\/?p=4386"},"modified":"2012-05-29T02:27:23","modified_gmt":"2012-05-29T02:27:23","slug":"otvorili-domov-lasky-arpada-bollu-v-budapesti","status":"publish","type":"post","link":"https:\/\/www.e-anjelik.sk\/index.php\/2012\/05\/29\/otvorili-domov-lasky-arpada-bollu-v-budapesti\/","title":{"rendered":"Otvorili Domov l\u00e1sky Arp\u00e1da Bollu v Budape\u0161ti"},"content":{"rendered":"<p>Na Sv&auml;todu&scaron;n&yacute; pondelok 28. m&aacute;ja 2012 sa veriaci evanjelici v cirkevnom zbore v Budape&scaron;ti-R&aacute;kospalote zi&scaron;li na milej sl&aacute;vnosti. Za &uacute;\u010dasti dom&aacute;cej far&aacute;rky Ponics&aacute;n Erzs&eacute;bet em. biskup Harmati B&eacute;la modlitbou a Bo\u017e&iacute;m slovom po\u017eehnal a otvoril nov&yacute; Domov l&aacute;sky Arp&aacute;da Bollu. Domov m&aacute; 34 postel&iacute; v jedno a dvojl&ocirc;\u017ekov&yacute;ch apatm&aacute;noch a bude sl&uacute;\u017ei\u0165 seniorom. &Aacute;rpad Bolla bol v&yacute;znamn&yacute;, \u010dinorod&yacute; ev. k\u0148az a senior, ktor&yacute; pracoval aj v tomto cirkevnom zbore. Na sl&aacute;vnosti bola aj jeho man\u017eelka, tri deti a vnuci.<\/p>\n<p>(<a href=\"http:\/\/www.evangelikus.hu\">www.evangelikus.hu<\/a>)<\/p>\n","protected":false},"excerpt":{"rendered":"<p>Na Sv&auml;todu&scaron;n&yacute; pondelok 28. m&aacute;ja 2012 sa veriaci evanjelici v cirkevnom zbore v Budape&scaron;ti-R&aacute;kospalote zi&scaron;li na milej sl&aacute;vnosti. Za &uacute;\u010dasti dom&aacute;cej far&aacute;rky Ponics&aacute;n Erzs&eacute;bet em. biskup Harmati B&eacute;la modlitbou a Bo\u017e&iacute;m slovom po\u017eehnal a otvoril nov&yacute; Domov l&aacute;sky Arp&aacute;da Bollu. Domov m&aacute; 34 postel&iacute; v jedno a dvojl&ocirc;\u017ekov&yacute;ch apatm&aacute;noch a bude sl&uacute;\u017ei\u0165 seniorom. &Aacute;rpad Bolla &#8230; <a title=\"Otvorili Domov l\u00e1sky Arp\u00e1da Bollu v Budape\u0161ti\" class=\"read-more\" href=\"https:\/\/www.e-anjelik.sk\/index.php\/2012\/05\/29\/otvorili-domov-lasky-arpada-bollu-v-budapesti\/\" aria-label=\"Pre\u010d\u00edtajte si viac o Otvorili Domov l\u00e1sky Arp\u00e1da Bollu v Budape\u0161ti\">\u010c\u00edta\u0165 viac<\/a><\/p>\n","protected":false},"author":22,"featured_media":0,"comment_status":"open","ping_status":"open","sticky":false,"template":"","format":"standard","meta":{"footnotes":""},"categories":[9,10],"tags":[],"class_list":["post-4386","post","type-post","status-publish","format-standard","hentry","category-europa","category-zo-sveta"],"_links":{"self":[{"href":"https:\/\/www.e-anjelik.sk\/index.php\/wp-json\/wp\/v2\/posts\/4386","targetHints":{"allow":["GET"]}}],"collection":[{"href":"https:\/\/www.e-anjelik.sk\/index.php\/wp-json\/wp\/v2\/posts"}],"about":[{"href":"https:\/\/www.e-anjelik.sk\/index.php\/wp-json\/wp\/v2\/types\/post"}],"author":[{"embeddable":true,"href":"https:\/\/www.e-anjelik.sk\/index.php\/wp-json\/wp\/v2\/users\/22"}],"replies":[{"embeddable":true,"href":"https:\/\/www.e-anjelik.sk\/index.php\/wp-json\/wp\/v2\/comments?post=4386"}],"version-history":[{"count":0,"href":"https:\/\/www.e-anjelik.sk\/index.php\/wp-json\/wp\/v2\/posts\/4386\/revisions"}],"wp:attachment":[{"href":"https:\/\/www.e-anjelik.sk\/index.php\/wp-json\/wp\/v2\/media?parent=4386"}],"wp:term":[{"taxonomy":"category","embeddable":true,"href":"https:\/\/www.e-anjelik.sk\/index.php\/wp-json\/wp\/v2\/categories?post=4386"},{"taxonomy":"post_tag","embeddable":true,"href":"https:\/\/www.e-anjelik.sk\/index.php\/wp-json\/wp\/v2\/tags?post=4386"}],"curies":[{"name":"wp","href":"https:\/\/api.w.org\/{rel}","templated":true}]}}