{"id":4387,"date":"2012-05-29T02:57:28","date_gmt":"2012-05-29T02:57:28","guid":{"rendered":"http:\/\/e-anjelik.sk\/?p=4387"},"modified":"2012-05-29T02:57:28","modified_gmt":"2012-05-29T02:57:28","slug":"cirkvi-a-nabozenske-spolocnosti-v-rakusku-vytvorili-spolocnu-platformu","status":"publish","type":"post","link":"https:\/\/www.e-anjelik.sk\/index.php\/2012\/05\/29\/cirkvi-a-nabozenske-spolocnosti-v-rakusku-vytvorili-spolocnu-platformu\/","title":{"rendered":"Cirkvi a n\u00e1bo\u017eensk\u00e9 spolo\u010dnosti v Rak\u00fasku vytvorili spolo\u010dn\u00fa platformu"},"content":{"rendered":"<p>24. m&aacute;ja t.r. sa vo Viedni stretli z&aacute;stupcovia niektor&yacute;ch kres\u0165ansk&yacute;ch cirkv&iacute; a nekres\u0165ansk&yacute;ch n&aacute;bo\u017eenstiev, aby vytvorili spolo\u010dn&uacute; platformu. Jej cie\u013eom je v&yacute;mena d&ocirc;le\u017eit&yacute;ch ot&aacute;zok vo vz\u0165ahu &scaron;t&aacute;tu a&nbsp;n&aacute;bo\u017eensk&yacute;ch spolo\u010dnost&iacute;.&nbsp;Platforma je otvoren&aacute; pre&nbsp;v&scaron;etk&yacute;ch 14 n&aacute;bo\u017eensk&yacute;ch&nbsp;registrovan&yacute;ch organiz&aacute;ci&iacute; v Rak&uacute;sku. Hostite\u013eom zakladaj&uacute;ceho stretnutia bol&nbsp;gen. tajomn&iacute;k katol&iacute;ckej biskupskej konferencie Rak&uacute;ska Peter Schipka.Pr&iacute;tomn&iacute; boli oi. ev. biskup M.Buenker, reformovan&yacute; superintendent Thomas Hennfeld, z&aacute;stupcovia islamu, budhizmu, judaizmu a&nbsp;in&iacute;.&nbsp;&nbsp;<\/p>\n<p>(<a href=\"http:\/\/www.evang.at\">www.evang.at<\/a>)<\/p>\n","protected":false},"excerpt":{"rendered":"<p>24. m&aacute;ja t.r. sa vo Viedni stretli z&aacute;stupcovia niektor&yacute;ch kres\u0165ansk&yacute;ch cirkv&iacute; a nekres\u0165ansk&yacute;ch n&aacute;bo\u017eenstiev, aby vytvorili spolo\u010dn&uacute; platformu. Jej cie\u013eom je v&yacute;mena d&ocirc;le\u017eit&yacute;ch ot&aacute;zok vo vz\u0165ahu &scaron;t&aacute;tu a&nbsp;n&aacute;bo\u017eensk&yacute;ch spolo\u010dnost&iacute;.&nbsp;Platforma je otvoren&aacute; pre&nbsp;v&scaron;etk&yacute;ch 14 n&aacute;bo\u017eensk&yacute;ch&nbsp;registrovan&yacute;ch organiz&aacute;ci&iacute; v Rak&uacute;sku. Hostite\u013eom zakladaj&uacute;ceho stretnutia bol&nbsp;gen. tajomn&iacute;k katol&iacute;ckej biskupskej konferencie Rak&uacute;ska Peter Schipka.Pr&iacute;tomn&iacute; boli oi. ev. biskup M.Buenker, reformovan&yacute; superintendent &#8230; <a title=\"Cirkvi a n\u00e1bo\u017eensk\u00e9 spolo\u010dnosti v Rak\u00fasku vytvorili spolo\u010dn\u00fa platformu\" class=\"read-more\" href=\"https:\/\/www.e-anjelik.sk\/index.php\/2012\/05\/29\/cirkvi-a-nabozenske-spolocnosti-v-rakusku-vytvorili-spolocnu-platformu\/\" aria-label=\"Pre\u010d\u00edtajte si viac o Cirkvi a n\u00e1bo\u017eensk\u00e9 spolo\u010dnosti v Rak\u00fasku vytvorili spolo\u010dn\u00fa platformu\">\u010c\u00edta\u0165 viac<\/a><\/p>\n","protected":false},"author":22,"featured_media":0,"comment_status":"open","ping_status":"open","sticky":false,"template":"","format":"standard","meta":{"footnotes":""},"categories":[1],"tags":[234],"class_list":["post-4387","post","type-post","status-publish","format-standard","hentry","category-adventna-modlitba","tag-zdruzenia-a-skupiny"],"_links":{"self":[{"href":"https:\/\/www.e-anjelik.sk\/index.php\/wp-json\/wp\/v2\/posts\/4387","targetHints":{"allow":["GET"]}}],"collection":[{"href":"https:\/\/www.e-anjelik.sk\/index.php\/wp-json\/wp\/v2\/posts"}],"about":[{"href":"https:\/\/www.e-anjelik.sk\/index.php\/wp-json\/wp\/v2\/types\/post"}],"author":[{"embeddable":true,"href":"https:\/\/www.e-anjelik.sk\/index.php\/wp-json\/wp\/v2\/users\/22"}],"replies":[{"embeddable":true,"href":"https:\/\/www.e-anjelik.sk\/index.php\/wp-json\/wp\/v2\/comments?post=4387"}],"version-history":[{"count":0,"href":"https:\/\/www.e-anjelik.sk\/index.php\/wp-json\/wp\/v2\/posts\/4387\/revisions"}],"wp:attachment":[{"href":"https:\/\/www.e-anjelik.sk\/index.php\/wp-json\/wp\/v2\/media?parent=4387"}],"wp:term":[{"taxonomy":"category","embeddable":true,"href":"https:\/\/www.e-anjelik.sk\/index.php\/wp-json\/wp\/v2\/categories?post=4387"},{"taxonomy":"post_tag","embeddable":true,"href":"https:\/\/www.e-anjelik.sk\/index.php\/wp-json\/wp\/v2\/tags?post=4387"}],"curies":[{"name":"wp","href":"https:\/\/api.w.org\/{rel}","templated":true}]}}