{"id":4388,"date":"2012-05-29T03:20:31","date_gmt":"2012-05-29T03:20:31","guid":{"rendered":"http:\/\/e-anjelik.sk\/?p=4388"},"modified":"2012-05-29T03:20:31","modified_gmt":"2012-05-29T03:20:31","slug":"jezis-zomrel-3-aprila-roku-33","status":"publish","type":"post","link":"https:\/\/www.e-anjelik.sk\/index.php\/2012\/05\/29\/jezis-zomrel-3-aprila-roku-33\/","title":{"rendered":"Je\u017ei\u0161 zomrel 3. apr\u00edla roku 33"},"content":{"rendered":"<p>Je mnoho te&oacute;ri&iacute; o Je\u017ei&scaron;ovi z Nazareta a Jeho smrti. Nemeck&iacute; gol&oacute;govia tvrdia, \u017ee vraj vyrie&scaron;ili \u010das Je\u017ei&scaron;ovej smrti. Vedci -v&yacute;skumn&iacute;ci geol&oacute;govia sk&uacute;mali usadeniny pri M\u0155tvom mori. Na&scaron;li tam dve vrstvy,poukazuj&uacute;ce na zemetrasenia. Jedno malo by\u0165 r. 31 a druh&eacute; r.33. Pod\u013ea Mat&uacute;&scaron;a pri Je\u017ei&scaron;ovej smrti bolo zemetrasenie, bolo to za vl&aacute;dy Pontsk&eacute;ho Pil&aacute;ta, a teda to bol rok 33, kedy on panoval v Judei.Ak sa zoh\u013eadnia spr&aacute;vy z evanjeli&iacute;,\u017ee to bol piatok a vezm&uacute; sa do &uacute;vahy \u017eidovsk&yacute; kalend&aacute;r a astronomick&eacute; v&yacute;po\u010dty, v&yacute;sledok je d&aacute;tum: 3. apr&iacute;l roku 33.<\/p>\n<p>(<a href=\"http:\/\/www.-idea.de\">www.-idea.de<\/a>)<\/p>\n<p>&nbsp;<\/p>\n","protected":false},"excerpt":{"rendered":"<p>Je mnoho te&oacute;ri&iacute; o Je\u017ei&scaron;ovi z Nazareta a Jeho smrti. Nemeck&iacute; gol&oacute;govia tvrdia, \u017ee vraj vyrie&scaron;ili \u010das Je\u017ei&scaron;ovej smrti. Vedci -v&yacute;skumn&iacute;ci geol&oacute;govia sk&uacute;mali usadeniny pri M\u0155tvom mori. Na&scaron;li tam dve vrstvy,poukazuj&uacute;ce na zemetrasenia. Jedno malo by\u0165 r. 31 a druh&eacute; r.33. Pod\u013ea Mat&uacute;&scaron;a pri Je\u017ei&scaron;ovej smrti bolo zemetrasenie, bolo to za vl&aacute;dy Pontsk&eacute;ho Pil&aacute;ta, a &#8230; <a title=\"Je\u017ei\u0161 zomrel 3. apr\u00edla roku 33\" class=\"read-more\" href=\"https:\/\/www.e-anjelik.sk\/index.php\/2012\/05\/29\/jezis-zomrel-3-aprila-roku-33\/\" aria-label=\"Pre\u010d\u00edtajte si viac o Je\u017ei\u0161 zomrel 3. apr\u00edla roku 33\">\u010c\u00edta\u0165 viac<\/a><\/p>\n","protected":false},"author":22,"featured_media":0,"comment_status":"open","ping_status":"open","sticky":false,"template":"","format":"standard","meta":{"footnotes":""},"categories":[1,14],"tags":[],"class_list":["post-4388","post","type-post","status-publish","format-standard","hentry","category-adventna-modlitba","category-osobnosti"],"_links":{"self":[{"href":"https:\/\/www.e-anjelik.sk\/index.php\/wp-json\/wp\/v2\/posts\/4388","targetHints":{"allow":["GET"]}}],"collection":[{"href":"https:\/\/www.e-anjelik.sk\/index.php\/wp-json\/wp\/v2\/posts"}],"about":[{"href":"https:\/\/www.e-anjelik.sk\/index.php\/wp-json\/wp\/v2\/types\/post"}],"author":[{"embeddable":true,"href":"https:\/\/www.e-anjelik.sk\/index.php\/wp-json\/wp\/v2\/users\/22"}],"replies":[{"embeddable":true,"href":"https:\/\/www.e-anjelik.sk\/index.php\/wp-json\/wp\/v2\/comments?post=4388"}],"version-history":[{"count":0,"href":"https:\/\/www.e-anjelik.sk\/index.php\/wp-json\/wp\/v2\/posts\/4388\/revisions"}],"wp:attachment":[{"href":"https:\/\/www.e-anjelik.sk\/index.php\/wp-json\/wp\/v2\/media?parent=4388"}],"wp:term":[{"taxonomy":"category","embeddable":true,"href":"https:\/\/www.e-anjelik.sk\/index.php\/wp-json\/wp\/v2\/categories?post=4388"},{"taxonomy":"post_tag","embeddable":true,"href":"https:\/\/www.e-anjelik.sk\/index.php\/wp-json\/wp\/v2\/tags?post=4388"}],"curies":[{"name":"wp","href":"https:\/\/api.w.org\/{rel}","templated":true}]}}