{"id":4403,"date":"2012-06-04T12:46:58","date_gmt":"2012-06-04T12:46:58","guid":{"rendered":"http:\/\/e-anjelik.sk\/?p=4403"},"modified":"2012-06-04T12:46:58","modified_gmt":"2012-06-04T12:46:58","slug":"skoncilo-sa-22-zasadanie-elk","status":"publish","type":"post","link":"https:\/\/www.e-anjelik.sk\/index.php\/2012\/06\/04\/skoncilo-sa-22-zasadanie-elk\/","title":{"rendered":"Skon\u010dilo sa 22. zasadanie ELK"},"content":{"rendered":"<p>2. j&uacute;na t.r. sa v Mulhouse (Franc&uacute;zsko) skon\u010dilo 22. zasadnutie Eur&oacute;pskej luter&aacute;nskej konferencie (&nbsp;ELC). Zasadnutie sa za\u010dalo 31. m&aacute;ja a t&eacute;mou rokovania bola &quot;Biblia&quot;. Korefer&aacute;ty sa t&yacute;kali praxe viery a cirkevn&eacute;ho zboru. Na programe boli aj spr&aacute;vy zo \u017eivota&nbsp;\u010dlensk&yacute;ch cirkv&iacute;. &nbsp;Vo vo\u013eb&aacute;ch za predsedu zvolili op&auml;tovne&nbsp; Jeanna Thi&eacute;bauta Haessiga, pr&eacute;zesa Evanjelicko-luter&aacute;nskej cirkvi -synoda Franc&uacute;zska . Za jeho z&aacute;stupcu far&aacute;ra SELK Klausa Pahlena a za tajomn&iacute;ka op&auml;tovne far&aacute;ra Georga Samieca z Evanjelicko-luter&aacute;nskej cirkvi Anglicka.<\/p>\n<p>ELC je zdru\u017een&iacute;m konfes&iacute;jnych luter&aacute;nskych cirkv&iacute; Eur&oacute;py. Jej plnopr&aacute;vnymi \u010dlenmi s&uacute; konfesijn&eacute;&nbsp;cirkvi Nemecka, Anglicka, D&aacute;nska, Franc&uacute;zska,Portugalska a &Scaron;panielska.<\/p>\n<p>(<a href=\"http:\/\/www.selk.de\">www.selk.de<\/a>)<\/p>\n","protected":false},"excerpt":{"rendered":"<p>2. j&uacute;na t.r. sa v Mulhouse (Franc&uacute;zsko) skon\u010dilo 22. zasadnutie Eur&oacute;pskej luter&aacute;nskej konferencie (&nbsp;ELC). Zasadnutie sa za\u010dalo 31. m&aacute;ja a t&eacute;mou rokovania bola &quot;Biblia&quot;. Korefer&aacute;ty sa t&yacute;kali praxe viery a cirkevn&eacute;ho zboru. Na programe boli aj spr&aacute;vy zo \u017eivota&nbsp;\u010dlensk&yacute;ch cirkv&iacute;. &nbsp;Vo vo\u013eb&aacute;ch za predsedu zvolili op&auml;tovne&nbsp; Jeanna Thi&eacute;bauta Haessiga, pr&eacute;zesa Evanjelicko-luter&aacute;nskej cirkvi -synoda Franc&uacute;zska . &#8230; <a title=\"Skon\u010dilo sa 22. zasadanie ELK\" class=\"read-more\" href=\"https:\/\/www.e-anjelik.sk\/index.php\/2012\/06\/04\/skoncilo-sa-22-zasadanie-elk\/\" aria-label=\"Pre\u010d\u00edtajte si viac o Skon\u010dilo sa 22. zasadanie ELK\">\u010c\u00edta\u0165 viac<\/a><\/p>\n","protected":false},"author":22,"featured_media":0,"comment_status":"open","ping_status":"open","sticky":false,"template":"","format":"standard","meta":{"footnotes":""},"categories":[1],"tags":[234],"class_list":["post-4403","post","type-post","status-publish","format-standard","hentry","category-adventna-modlitba","tag-zdruzenia-a-skupiny"],"_links":{"self":[{"href":"https:\/\/www.e-anjelik.sk\/index.php\/wp-json\/wp\/v2\/posts\/4403","targetHints":{"allow":["GET"]}}],"collection":[{"href":"https:\/\/www.e-anjelik.sk\/index.php\/wp-json\/wp\/v2\/posts"}],"about":[{"href":"https:\/\/www.e-anjelik.sk\/index.php\/wp-json\/wp\/v2\/types\/post"}],"author":[{"embeddable":true,"href":"https:\/\/www.e-anjelik.sk\/index.php\/wp-json\/wp\/v2\/users\/22"}],"replies":[{"embeddable":true,"href":"https:\/\/www.e-anjelik.sk\/index.php\/wp-json\/wp\/v2\/comments?post=4403"}],"version-history":[{"count":0,"href":"https:\/\/www.e-anjelik.sk\/index.php\/wp-json\/wp\/v2\/posts\/4403\/revisions"}],"wp:attachment":[{"href":"https:\/\/www.e-anjelik.sk\/index.php\/wp-json\/wp\/v2\/media?parent=4403"}],"wp:term":[{"taxonomy":"category","embeddable":true,"href":"https:\/\/www.e-anjelik.sk\/index.php\/wp-json\/wp\/v2\/categories?post=4403"},{"taxonomy":"post_tag","embeddable":true,"href":"https:\/\/www.e-anjelik.sk\/index.php\/wp-json\/wp\/v2\/tags?post=4403"}],"curies":[{"name":"wp","href":"https:\/\/api.w.org\/{rel}","templated":true}]}}