{"id":4406,"date":"2012-06-05T17:05:31","date_gmt":"2012-06-05T17:05:31","guid":{"rendered":"http:\/\/e-anjelik.sk\/?p=4406"},"modified":"2012-06-05T17:05:31","modified_gmt":"2012-06-05T17:05:31","slug":"uspech-pri-akcii-noc-kostolov-v-rakusku","status":"publish","type":"post","link":"https:\/\/www.e-anjelik.sk\/index.php\/2012\/06\/05\/uspech-pri-akcii-noc-kostolov-v-rakusku\/","title":{"rendered":"\u00daspech pri akcii Noc kostolov v Rak\u00fasku"},"content":{"rendered":"<p>Na akcii Noc kostolov sa 1. j&uacute;na t.r. v Rak&uacute;sku z&uacute;\u010dastnilo spolu do 320 tis&iacute;c \u013eud&iacute;, z toho v samotnom hlavnom meste Viedni do 140 tis&iacute;c. Po\u010det zapojen&yacute;ch cirkevn&yacute;ch zborov (farnost&iacute;) a zariaden&iacute; bol 615. Popri bohoslu\u017eb&aacute;ch na programe boli koncerty, diskusn&eacute; f&oacute;ra, workshopy, detsk&eacute; programy a pod. Najv&auml;\u010d&scaron;iemu z&aacute;ujmu sa te&scaron;ili tie kostoly,ktor&eacute; s&uacute; obvykle zavret&eacute;. Popri Rak&uacute;sku t&aacute;to akcia sa u\u017e kon&aacute; aj v susedn&yacute;ch krajin&aacute;ch: \u010cesku, Slovensku a Ma\u010farsku. V Est&oacute;nsku bud&uacute; ma\u0165 Noc kostolov&nbsp; po&nbsp;prv&yacute; raz 8. j&uacute;na. Bud&uacute;coro\u010dn&aacute; akcia Noc kostolov sa bude kona\u0165 24. m&aacute;ja 2013. Na tohtoro\u010dnom podujat&iacute; sa z&uacute;\u010dastnilo v&scaron;etk&yacute;ch 14 \u010dlensk&yacute;ch cirkv&iacute; a n&aacute;bo\u017eensk&yacute;ch spolo\u010dnost&iacute; Ekumenickej rady cirkv&iacute; Rask&uacute;ska.Aj katol&iacute;cka cirkev v Rak&uacute;sku je jej \u010dlenkou .<\/p>\n<p>(<a href=\"http:\/\/www.evang.at\">www.evang.at<\/a>)<\/p>\n","protected":false},"excerpt":{"rendered":"<p>Na akcii Noc kostolov sa 1. j&uacute;na t.r. v Rak&uacute;sku z&uacute;\u010dastnilo spolu do 320 tis&iacute;c \u013eud&iacute;, z toho v samotnom hlavnom meste Viedni do 140 tis&iacute;c. Po\u010det zapojen&yacute;ch cirkevn&yacute;ch zborov (farnost&iacute;) a zariaden&iacute; bol 615. Popri bohoslu\u017eb&aacute;ch na programe boli koncerty, diskusn&eacute; f&oacute;ra, workshopy, detsk&eacute; programy a pod. Najv&auml;\u010d&scaron;iemu z&aacute;ujmu sa te&scaron;ili tie kostoly,ktor&eacute; s&uacute; &#8230; <a title=\"\u00daspech pri akcii Noc kostolov v Rak\u00fasku\" class=\"read-more\" href=\"https:\/\/www.e-anjelik.sk\/index.php\/2012\/06\/05\/uspech-pri-akcii-noc-kostolov-v-rakusku\/\" aria-label=\"Pre\u010d\u00edtajte si viac o \u00daspech pri akcii Noc kostolov v Rak\u00fasku\">\u010c\u00edta\u0165 viac<\/a><\/p>\n","protected":false},"author":22,"featured_media":0,"comment_status":"open","ping_status":"open","sticky":false,"template":"","format":"standard","meta":{"footnotes":""},"categories":[2],"tags":[242],"class_list":["post-4406","post","type-post","status-publish","format-standard","hentry","category-ekumena","tag-slavnosti"],"_links":{"self":[{"href":"https:\/\/www.e-anjelik.sk\/index.php\/wp-json\/wp\/v2\/posts\/4406","targetHints":{"allow":["GET"]}}],"collection":[{"href":"https:\/\/www.e-anjelik.sk\/index.php\/wp-json\/wp\/v2\/posts"}],"about":[{"href":"https:\/\/www.e-anjelik.sk\/index.php\/wp-json\/wp\/v2\/types\/post"}],"author":[{"embeddable":true,"href":"https:\/\/www.e-anjelik.sk\/index.php\/wp-json\/wp\/v2\/users\/22"}],"replies":[{"embeddable":true,"href":"https:\/\/www.e-anjelik.sk\/index.php\/wp-json\/wp\/v2\/comments?post=4406"}],"version-history":[{"count":0,"href":"https:\/\/www.e-anjelik.sk\/index.php\/wp-json\/wp\/v2\/posts\/4406\/revisions"}],"wp:attachment":[{"href":"https:\/\/www.e-anjelik.sk\/index.php\/wp-json\/wp\/v2\/media?parent=4406"}],"wp:term":[{"taxonomy":"category","embeddable":true,"href":"https:\/\/www.e-anjelik.sk\/index.php\/wp-json\/wp\/v2\/categories?post=4406"},{"taxonomy":"post_tag","embeddable":true,"href":"https:\/\/www.e-anjelik.sk\/index.php\/wp-json\/wp\/v2\/tags?post=4406"}],"curies":[{"name":"wp","href":"https:\/\/api.w.org\/{rel}","templated":true}]}}