{"id":4412,"date":"2012-06-07T08:40:52","date_gmt":"2012-06-07T08:40:52","guid":{"rendered":"http:\/\/e-anjelik.sk\/?p=4412"},"modified":"2012-06-07T08:40:52","modified_gmt":"2012-06-07T08:40:52","slug":"v-budapesti-inzultovali-em-hl-rabina-madarska","status":"publish","type":"post","link":"https:\/\/www.e-anjelik.sk\/index.php\/2012\/06\/07\/v-budapesti-inzultovali-em-hl-rabina-madarska\/","title":{"rendered":"V Budape\u0161ti inzultovali em. hl. rab\u00edna Ma\u010farska"},"content":{"rendered":"<p>Ekumenick&aacute; rada cirkv&iacute; Ma\u010farska vydala vyhl&aacute;senie. V \u0148om sa vyjadruje toto:&quot; ERC Ma\u010farsk&aacute; sa s hlbok&yacute;m pohnut&iacute;m dozvedela, \u017ee na uliciach Budape&scaron;ti bol inzultovan&yacute; em. hlavn&yacute; rab&iacute;n Ma\u010farska Dr. Schweitzer Jozsef. &Uacute;toky tohto druhu odsudzujeme a zn&aacute;memu vedcovi a profesorovi&nbsp; ako aj \u017eidovsk&eacute;mu spolo\u010denstvu vyjadrujeme solidaritu.&quot; Vyhl&aacute;senie podp&iacute;sal predseda ERC Ma\u010farska Steinbach Jozsef a tajomn&iacute;k Dr. Fischl Vilmos.<\/p>\n<p>(<a href=\"http:\/\/www.evangelikus.hu\">www.evangelikus.hu<\/a>)<\/p>\n","protected":false},"excerpt":{"rendered":"<p>Ekumenick&aacute; rada cirkv&iacute; Ma\u010farska vydala vyhl&aacute;senie. V \u0148om sa vyjadruje toto:&quot; ERC Ma\u010farsk&aacute; sa s hlbok&yacute;m pohnut&iacute;m dozvedela, \u017ee na uliciach Budape&scaron;ti bol inzultovan&yacute; em. hlavn&yacute; rab&iacute;n Ma\u010farska Dr. Schweitzer Jozsef. &Uacute;toky tohto druhu odsudzujeme a zn&aacute;memu vedcovi a profesorovi&nbsp; ako aj \u017eidovsk&eacute;mu spolo\u010denstvu vyjadrujeme solidaritu.&quot; Vyhl&aacute;senie podp&iacute;sal predseda ERC Ma\u010farska Steinbach Jozsef a tajomn&iacute;k &#8230; <a title=\"V Budape\u0161ti inzultovali em. hl. rab\u00edna Ma\u010farska\" class=\"read-more\" href=\"https:\/\/www.e-anjelik.sk\/index.php\/2012\/06\/07\/v-budapesti-inzultovali-em-hl-rabina-madarska\/\" aria-label=\"Pre\u010d\u00edtajte si viac o V Budape\u0161ti inzultovali em. hl. rab\u00edna Ma\u010farska\">\u010c\u00edta\u0165 viac<\/a><\/p>\n","protected":false},"author":22,"featured_media":0,"comment_status":"open","ping_status":"open","sticky":false,"template":"","format":"standard","meta":{"footnotes":""},"categories":[2],"tags":[],"class_list":["post-4412","post","type-post","status-publish","format-standard","hentry","category-ekumena"],"_links":{"self":[{"href":"https:\/\/www.e-anjelik.sk\/index.php\/wp-json\/wp\/v2\/posts\/4412","targetHints":{"allow":["GET"]}}],"collection":[{"href":"https:\/\/www.e-anjelik.sk\/index.php\/wp-json\/wp\/v2\/posts"}],"about":[{"href":"https:\/\/www.e-anjelik.sk\/index.php\/wp-json\/wp\/v2\/types\/post"}],"author":[{"embeddable":true,"href":"https:\/\/www.e-anjelik.sk\/index.php\/wp-json\/wp\/v2\/users\/22"}],"replies":[{"embeddable":true,"href":"https:\/\/www.e-anjelik.sk\/index.php\/wp-json\/wp\/v2\/comments?post=4412"}],"version-history":[{"count":0,"href":"https:\/\/www.e-anjelik.sk\/index.php\/wp-json\/wp\/v2\/posts\/4412\/revisions"}],"wp:attachment":[{"href":"https:\/\/www.e-anjelik.sk\/index.php\/wp-json\/wp\/v2\/media?parent=4412"}],"wp:term":[{"taxonomy":"category","embeddable":true,"href":"https:\/\/www.e-anjelik.sk\/index.php\/wp-json\/wp\/v2\/categories?post=4412"},{"taxonomy":"post_tag","embeddable":true,"href":"https:\/\/www.e-anjelik.sk\/index.php\/wp-json\/wp\/v2\/tags?post=4412"}],"curies":[{"name":"wp","href":"https:\/\/api.w.org\/{rel}","templated":true}]}}