{"id":4413,"date":"2012-06-07T08:54:15","date_gmt":"2012-06-07T08:54:15","guid":{"rendered":"http:\/\/e-anjelik.sk\/?p=4413"},"modified":"2012-06-07T08:54:15","modified_gmt":"2012-06-07T08:54:15","slug":"otvorili-vystavu-k-500-vyrociu-reformacie","status":"publish","type":"post","link":"https:\/\/www.e-anjelik.sk\/index.php\/2012\/06\/07\/otvorili-vystavu-k-500-vyrociu-reformacie\/","title":{"rendered":"Otvorili v\u00fdstavu k 500. v\u00fdro\u010diu reform\u00e1cie"},"content":{"rendered":"<p>5. j&uacute;na t.r. v Evanjelickom krajinskom m&uacute;zeu v Budape&scaron;ti otvorili v&yacute;stavu k 500. v&yacute;ro\u010diu reform&aacute;cie. V&yacute;stava v troch miestostiach m&aacute; n&aacute;zov&nbsp;&quot; Na&scaron;e povolanie je \u017eivot &#8211; reform&aacute;cia a \u017eeny&quot;. V&yacute;stava zobrazuje matku a man\u017eelku reform&aacute;tora, &uacute;lohy \u017eien v cirkevn&yacute;ch zboroch a vzdel&aacute;vanie \u017eien ako aj \u017eeny s&nbsp;vynikaj&uacute;cimi v&yacute;sledkami. V&yacute;stavu otvoril za ve\u013ekej &uacute;\u010dasti n&aacute;v&scaron;tevn&iacute;kov riadite\u013e m&uacute;zea ,far&aacute;r Harmati B&eacute;la jr.<\/p>\n<p>(<a href=\"http:\/\/www.evangelikus.hu\">www.evangelikus.hu<\/a>)<\/p>\n","protected":false},"excerpt":{"rendered":"<p>5. j&uacute;na t.r. v Evanjelickom krajinskom m&uacute;zeu v Budape&scaron;ti otvorili v&yacute;stavu k 500. v&yacute;ro\u010diu reform&aacute;cie. V&yacute;stava v troch miestostiach m&aacute; n&aacute;zov&nbsp;&quot; Na&scaron;e povolanie je \u017eivot &#8211; reform&aacute;cia a \u017eeny&quot;. V&yacute;stava zobrazuje matku a man\u017eelku reform&aacute;tora, &uacute;lohy \u017eien v cirkevn&yacute;ch zboroch a vzdel&aacute;vanie \u017eien ako aj \u017eeny s&nbsp;vynikaj&uacute;cimi v&yacute;sledkami. V&yacute;stavu otvoril za ve\u013ekej &uacute;\u010dasti n&aacute;v&scaron;tevn&iacute;kov riadite\u013e &#8230; <a title=\"Otvorili v\u00fdstavu k 500. v\u00fdro\u010diu reform\u00e1cie\" class=\"read-more\" href=\"https:\/\/www.e-anjelik.sk\/index.php\/2012\/06\/07\/otvorili-vystavu-k-500-vyrociu-reformacie\/\" aria-label=\"Pre\u010d\u00edtajte si viac o Otvorili v\u00fdstavu k 500. v\u00fdro\u010diu reform\u00e1cie\">\u010c\u00edta\u0165 viac<\/a><\/p>\n","protected":false},"author":22,"featured_media":0,"comment_status":"open","ping_status":"open","sticky":false,"template":"","format":"standard","meta":{"footnotes":""},"categories":[9,40,10],"tags":[],"class_list":["post-4413","post","type-post","status-publish","format-standard","hentry","category-europa","category-historia","category-zo-sveta"],"_links":{"self":[{"href":"https:\/\/www.e-anjelik.sk\/index.php\/wp-json\/wp\/v2\/posts\/4413","targetHints":{"allow":["GET"]}}],"collection":[{"href":"https:\/\/www.e-anjelik.sk\/index.php\/wp-json\/wp\/v2\/posts"}],"about":[{"href":"https:\/\/www.e-anjelik.sk\/index.php\/wp-json\/wp\/v2\/types\/post"}],"author":[{"embeddable":true,"href":"https:\/\/www.e-anjelik.sk\/index.php\/wp-json\/wp\/v2\/users\/22"}],"replies":[{"embeddable":true,"href":"https:\/\/www.e-anjelik.sk\/index.php\/wp-json\/wp\/v2\/comments?post=4413"}],"version-history":[{"count":0,"href":"https:\/\/www.e-anjelik.sk\/index.php\/wp-json\/wp\/v2\/posts\/4413\/revisions"}],"wp:attachment":[{"href":"https:\/\/www.e-anjelik.sk\/index.php\/wp-json\/wp\/v2\/media?parent=4413"}],"wp:term":[{"taxonomy":"category","embeddable":true,"href":"https:\/\/www.e-anjelik.sk\/index.php\/wp-json\/wp\/v2\/categories?post=4413"},{"taxonomy":"post_tag","embeddable":true,"href":"https:\/\/www.e-anjelik.sk\/index.php\/wp-json\/wp\/v2\/tags?post=4413"}],"curies":[{"name":"wp","href":"https:\/\/api.w.org\/{rel}","templated":true}]}}