{"id":4418,"date":"2012-06-08T08:05:33","date_gmt":"2012-06-08T08:05:33","guid":{"rendered":"http:\/\/e-anjelik.sk\/?p=4418"},"modified":"2012-06-08T08:05:33","modified_gmt":"2012-06-08T08:05:33","slug":"src-a-firma-implenia-podpisali-dohodu","status":"publish","type":"post","link":"https:\/\/www.e-anjelik.sk\/index.php\/2012\/06\/08\/src-a-firma-implenia-podpisali-dohodu\/","title":{"rendered":"SRC a firma Implenia podp\u00edsali dohodu"},"content":{"rendered":"<p>Svetov&aacute; rada cirkv&iacute; (SRC) v \u017deneve a &scaron;vaj\u010diarska spolo\u010dnos\u0165 Implenia podp&iacute;sali dohodu, pod\u013ea ktorej bude spolo\u010dnos\u0165 roz&scaron;irova\u0165 jej pozemky v \u010dasti \u017denevy Grand Saconnex ,vr&aacute;tane nov&eacute;ho ekumenick&eacute;ho centra. Rozvoj lokality s plochou 34 tis&iacute;c metrov &scaron;tvorcov&yacute;ch sa bude dia\u0165 v nieko\u013ek&yacute;ch f&aacute;zach v priebehu piatich a\u017e desiatich rokov. Proces sa za\u010dne technick&yacute;m zhodnoten&iacute;m doteraj&scaron;&iacute;ch budov a vyp&iacute;san&iacute;m architektonickej s&uacute;\u0165a\u017ee. Vymenovanie v&iacute;\u0165aza mo\u017eno \u010daka\u0165 do polovice roka 2013. Budovy bud&uacute; ma\u0165 50 a\u017e 60 tis&iacute;c podlahovej plochy a s ich v&yacute;stavbou sa za\u010dne v r. 2016\/17. V s&uacute;lade s &uacute;zemn&yacute;m pl&aacute;novan&iacute;m \u017eenevskej Jardin des Nations, SRC a Implenia maj&uacute; v &uacute;mysle zachova\u0165 pr&iacute;rodn&yacute; charakter miesta, budovy bud&uacute; ma\u0165 vysok&uacute; kvalitu \u017eivotn&eacute;ho prostredia, okolo nich bud&uacute; zelen&eacute; p&aacute;sy a promen&aacute;dy.<\/p>\n<p>(<a href=\"http:\/\/www.oikoumene.org\">www.oikoumene.org<\/a>)<\/p>\n","protected":false},"excerpt":{"rendered":"<p>Svetov&aacute; rada cirkv&iacute; (SRC) v \u017deneve a &scaron;vaj\u010diarska spolo\u010dnos\u0165 Implenia podp&iacute;sali dohodu, pod\u013ea ktorej bude spolo\u010dnos\u0165 roz&scaron;irova\u0165 jej pozemky v \u010dasti \u017denevy Grand Saconnex ,vr&aacute;tane nov&eacute;ho ekumenick&eacute;ho centra. Rozvoj lokality s plochou 34 tis&iacute;c metrov &scaron;tvorcov&yacute;ch sa bude dia\u0165 v nieko\u013ek&yacute;ch f&aacute;zach v priebehu piatich a\u017e desiatich rokov. Proces sa za\u010dne technick&yacute;m zhodnoten&iacute;m doteraj&scaron;&iacute;ch budov &#8230; <a title=\"SRC a firma Implenia podp\u00edsali dohodu\" class=\"read-more\" href=\"https:\/\/www.e-anjelik.sk\/index.php\/2012\/06\/08\/src-a-firma-implenia-podpisali-dohodu\/\" aria-label=\"Pre\u010d\u00edtajte si viac o SRC a firma Implenia podp\u00edsali dohodu\">\u010c\u00edta\u0165 viac<\/a><\/p>\n","protected":false},"author":22,"featured_media":0,"comment_status":"open","ping_status":"open","sticky":false,"template":"","format":"standard","meta":{"footnotes":""},"categories":[2],"tags":[],"class_list":["post-4418","post","type-post","status-publish","format-standard","hentry","category-ekumena"],"_links":{"self":[{"href":"https:\/\/www.e-anjelik.sk\/index.php\/wp-json\/wp\/v2\/posts\/4418","targetHints":{"allow":["GET"]}}],"collection":[{"href":"https:\/\/www.e-anjelik.sk\/index.php\/wp-json\/wp\/v2\/posts"}],"about":[{"href":"https:\/\/www.e-anjelik.sk\/index.php\/wp-json\/wp\/v2\/types\/post"}],"author":[{"embeddable":true,"href":"https:\/\/www.e-anjelik.sk\/index.php\/wp-json\/wp\/v2\/users\/22"}],"replies":[{"embeddable":true,"href":"https:\/\/www.e-anjelik.sk\/index.php\/wp-json\/wp\/v2\/comments?post=4418"}],"version-history":[{"count":0,"href":"https:\/\/www.e-anjelik.sk\/index.php\/wp-json\/wp\/v2\/posts\/4418\/revisions"}],"wp:attachment":[{"href":"https:\/\/www.e-anjelik.sk\/index.php\/wp-json\/wp\/v2\/media?parent=4418"}],"wp:term":[{"taxonomy":"category","embeddable":true,"href":"https:\/\/www.e-anjelik.sk\/index.php\/wp-json\/wp\/v2\/categories?post=4418"},{"taxonomy":"post_tag","embeddable":true,"href":"https:\/\/www.e-anjelik.sk\/index.php\/wp-json\/wp\/v2\/tags?post=4418"}],"curies":[{"name":"wp","href":"https:\/\/api.w.org\/{rel}","templated":true}]}}