{"id":4419,"date":"2012-06-08T08:46:32","date_gmt":"2012-06-08T08:46:32","guid":{"rendered":"http:\/\/e-anjelik.sk\/?p=4419"},"modified":"2012-06-08T08:46:32","modified_gmt":"2012-06-08T08:46:32","slug":"zo-zivota-misijnej-provincie-vo-svedsku-a-finsku","status":"publish","type":"post","link":"https:\/\/www.e-anjelik.sk\/index.php\/2012\/06\/08\/zo-zivota-misijnej-provincie-vo-svedsku-a-finsku\/","title":{"rendered":"Zo \u017eivota Misijnej provincie vo  Sv\u00e9dsku a F\u00ednsku"},"content":{"rendered":"<p>Webov&aacute; str&aacute;nka Misijnej provincie vo Sv&eacute;dsku prin&aacute;&scaron;a inform&aacute;ciu jej biskupa Rolanda Gustaffsona o stretnut&iacute; biskupov t&yacute;chto organiz&aacute;ci&iacute; .Stretnutie sa konalo v Stokholme 22. a 23. m&aacute;ja t.r. Na stretnut&iacute; sa okrem spomenut&eacute;ho z&uacute;\u010dastnili &scaron;v&eacute;dski biskupi Lars Artmann a Goeran Beijer ako aj biskup Matti Vaisanen a dekan Esko Murto z F&iacute;nska.Na porade bol pr&iacute;tomn&yacute; aj tajomn&iacute;k Misijnej provincie Sv&eacute;dska Bengt Birgersson. Po pobo\u017enosti boli inform&aacute;cie o \u010dinnosti provincii vo&nbsp;Svedsku a F&iacute;nsku. V&auml;\u010d&scaron;&iacute; rozvoj pr&aacute;ce je vo F&iacute;nsku. F&iacute;nski partneri mienia zalo\u017ei\u0165 vlastn&uacute; diec&eacute;zu. Mala&nbsp;by by\u0165 zaregistrovan&aacute; na bud&uacute;ci rok 2013.Obe organiz&aacute;cie&nbsp;chc&uacute; aj potom tesne spolupracova\u0165, a preto pl&aacute;nuj&uacute; zalo\u017ei\u0165 stre&scaron;n&uacute; organiz&aacute;ciu &#8211;&nbsp;Misijn&aacute; provincia Severu.&nbsp;Doteraj&scaron;ia ich organiz&aacute;cia s n&aacute;zvom&nbsp;Lutherova spolo\u010dnos\u0165 bude&nbsp;pracova\u0165 ako jej v&yacute;konn&yacute; org&aacute;n. Biskupi prerok&uacute;vali&nbsp;aj ot&aacute;zku apo&scaron;tolskej sukcesie a ekum&eacute;ny. Misijn&aacute; provincia a LS vo F&iacute;nsku nadv&auml;zuj&uacute; kontakty s vyzn&aacute;va\u010dsk&yacute;mi &#8211; konfesijn&yacute;mi lut. cirkvami vo svete, vr&aacute;tane LC&nbsp;MS v USA. Na jese\u0148 &nbsp;s&uacute; pozvan&iacute; na teologick&eacute; konferencie do Kanady a USA.Bud&uacute;ce stretnutie biskupov sa bude kona\u0165 27. a 28. novembra t.r. v Goteborgu.<\/p>\n<p>(<a href=\"http:\/\/www.missionsprovinsen.se\">www.missionsprovinsen.se<\/a>)<\/p>\n","protected":false},"excerpt":{"rendered":"<p>Webov&aacute; str&aacute;nka Misijnej provincie vo Sv&eacute;dsku prin&aacute;&scaron;a inform&aacute;ciu jej biskupa Rolanda Gustaffsona o stretnut&iacute; biskupov t&yacute;chto organiz&aacute;ci&iacute; .Stretnutie sa konalo v Stokholme 22. a 23. m&aacute;ja t.r. Na stretnut&iacute; sa okrem spomenut&eacute;ho z&uacute;\u010dastnili &scaron;v&eacute;dski biskupi Lars Artmann a Goeran Beijer ako aj biskup Matti Vaisanen a dekan Esko Murto z F&iacute;nska.Na porade bol pr&iacute;tomn&yacute; aj &#8230; <a title=\"Zo \u017eivota Misijnej provincie vo  Sv\u00e9dsku a F\u00ednsku\" class=\"read-more\" href=\"https:\/\/www.e-anjelik.sk\/index.php\/2012\/06\/08\/zo-zivota-misijnej-provincie-vo-svedsku-a-finsku\/\" aria-label=\"Pre\u010d\u00edtajte si viac o Zo \u017eivota Misijnej provincie vo  Sv\u00e9dsku a F\u00ednsku\">\u010c\u00edta\u0165 viac<\/a><\/p>\n","protected":false},"author":22,"featured_media":0,"comment_status":"open","ping_status":"open","sticky":false,"template":"","format":"standard","meta":{"footnotes":""},"categories":[1],"tags":[234],"class_list":["post-4419","post","type-post","status-publish","format-standard","hentry","category-adventna-modlitba","tag-zdruzenia-a-skupiny"],"_links":{"self":[{"href":"https:\/\/www.e-anjelik.sk\/index.php\/wp-json\/wp\/v2\/posts\/4419","targetHints":{"allow":["GET"]}}],"collection":[{"href":"https:\/\/www.e-anjelik.sk\/index.php\/wp-json\/wp\/v2\/posts"}],"about":[{"href":"https:\/\/www.e-anjelik.sk\/index.php\/wp-json\/wp\/v2\/types\/post"}],"author":[{"embeddable":true,"href":"https:\/\/www.e-anjelik.sk\/index.php\/wp-json\/wp\/v2\/users\/22"}],"replies":[{"embeddable":true,"href":"https:\/\/www.e-anjelik.sk\/index.php\/wp-json\/wp\/v2\/comments?post=4419"}],"version-history":[{"count":0,"href":"https:\/\/www.e-anjelik.sk\/index.php\/wp-json\/wp\/v2\/posts\/4419\/revisions"}],"wp:attachment":[{"href":"https:\/\/www.e-anjelik.sk\/index.php\/wp-json\/wp\/v2\/media?parent=4419"}],"wp:term":[{"taxonomy":"category","embeddable":true,"href":"https:\/\/www.e-anjelik.sk\/index.php\/wp-json\/wp\/v2\/categories?post=4419"},{"taxonomy":"post_tag","embeddable":true,"href":"https:\/\/www.e-anjelik.sk\/index.php\/wp-json\/wp\/v2\/tags?post=4419"}],"curies":[{"name":"wp","href":"https:\/\/api.w.org\/{rel}","templated":true}]}}