{"id":4424,"date":"2012-06-11T08:46:31","date_gmt":"2012-06-11T08:46:31","guid":{"rendered":"http:\/\/e-anjelik.sk\/?p=4424"},"modified":"2012-06-11T08:46:31","modified_gmt":"2012-06-11T08:46:31","slug":"menej-pracovat-a-vyssi-plat","status":"publish","type":"post","link":"https:\/\/www.e-anjelik.sk\/index.php\/2012\/06\/11\/menej-pracovat-a-vyssi-plat\/","title":{"rendered":"Menej pracova\u0165 a vy\u0161\u0161\u00ed plat"},"content":{"rendered":"<p>Pod\u013ea novej dohody medzi odborov&yacute;mi organiz&aacute;ciami a zamest&aacute;vate\u013eskou organiz&aacute;ciou &Scaron;v&eacute;dskej cirkvi bud&uacute; ma\u0165 pastori n&aacute;rok na 15 dn&iacute; n&aacute;hradnej dovolenky (doteraz to bolo 10 dn&iacute;) za to, \u017ee musia pracova\u0165 po\u010das sviatkov. S&uacute;\u010dasne sa im zv&yacute;&scaron;i aj plat o 2,6%. Toto nariadenie sa bude vz\u0165ahova\u0165 na 22 tis&iacute;c zamestnancov &Scaron;v&eacute;dskej cirkvi, vr&aacute;tane diakonov a u\u010dite\u013eov. Jeho platnos\u0165 bude trva\u0165 jeden rok.<\/p>\n<p>(<a href=\"http:\/\/www.dagen.se\">www.dagen.se<\/a>)<\/p>\n","protected":false},"excerpt":{"rendered":"<p>Pod\u013ea novej dohody medzi odborov&yacute;mi organiz&aacute;ciami a zamest&aacute;vate\u013eskou organiz&aacute;ciou &Scaron;v&eacute;dskej cirkvi bud&uacute; ma\u0165 pastori n&aacute;rok na 15 dn&iacute; n&aacute;hradnej dovolenky (doteraz to bolo 10 dn&iacute;) za to, \u017ee musia pracova\u0165 po\u010das sviatkov. S&uacute;\u010dasne sa im zv&yacute;&scaron;i aj plat o 2,6%. Toto nariadenie sa bude vz\u0165ahova\u0165 na 22 tis&iacute;c zamestnancov &Scaron;v&eacute;dskej cirkvi, vr&aacute;tane diakonov a u\u010dite\u013eov. &#8230; <a title=\"Menej pracova\u0165 a vy\u0161\u0161\u00ed plat\" class=\"read-more\" href=\"https:\/\/www.e-anjelik.sk\/index.php\/2012\/06\/11\/menej-pracovat-a-vyssi-plat\/\" aria-label=\"Pre\u010d\u00edtajte si viac o Menej pracova\u0165 a vy\u0161\u0161\u00ed plat\">\u010c\u00edta\u0165 viac<\/a><\/p>\n","protected":false},"author":22,"featured_media":0,"comment_status":"open","ping_status":"open","sticky":false,"template":"","format":"standard","meta":{"footnotes":""},"categories":[42,10],"tags":[],"class_list":["post-4424","post","type-post","status-publish","format-standard","hentry","category-skandinavia","category-zo-sveta"],"_links":{"self":[{"href":"https:\/\/www.e-anjelik.sk\/index.php\/wp-json\/wp\/v2\/posts\/4424","targetHints":{"allow":["GET"]}}],"collection":[{"href":"https:\/\/www.e-anjelik.sk\/index.php\/wp-json\/wp\/v2\/posts"}],"about":[{"href":"https:\/\/www.e-anjelik.sk\/index.php\/wp-json\/wp\/v2\/types\/post"}],"author":[{"embeddable":true,"href":"https:\/\/www.e-anjelik.sk\/index.php\/wp-json\/wp\/v2\/users\/22"}],"replies":[{"embeddable":true,"href":"https:\/\/www.e-anjelik.sk\/index.php\/wp-json\/wp\/v2\/comments?post=4424"}],"version-history":[{"count":0,"href":"https:\/\/www.e-anjelik.sk\/index.php\/wp-json\/wp\/v2\/posts\/4424\/revisions"}],"wp:attachment":[{"href":"https:\/\/www.e-anjelik.sk\/index.php\/wp-json\/wp\/v2\/media?parent=4424"}],"wp:term":[{"taxonomy":"category","embeddable":true,"href":"https:\/\/www.e-anjelik.sk\/index.php\/wp-json\/wp\/v2\/categories?post=4424"},{"taxonomy":"post_tag","embeddable":true,"href":"https:\/\/www.e-anjelik.sk\/index.php\/wp-json\/wp\/v2\/tags?post=4424"}],"curies":[{"name":"wp","href":"https:\/\/api.w.org\/{rel}","templated":true}]}}