{"id":4425,"date":"2012-06-11T08:58:00","date_gmt":"2012-06-11T08:58:00","guid":{"rendered":"http:\/\/e-anjelik.sk\/?p=4425"},"modified":"2012-06-11T08:58:00","modified_gmt":"2012-06-11T08:58:00","slug":"uviedli-novych-zborovych-pracovnikov-v-cz-ecav-sv-jur","status":"publish","type":"post","link":"https:\/\/www.e-anjelik.sk\/index.php\/2012\/06\/11\/uviedli-novych-zborovych-pracovnikov-v-cz-ecav-sv-jur\/","title":{"rendered":"Uviedli nov\u00fdch zborov\u00fdch pracovn\u00edkov v cz ECAV Sv. Jur"},"content":{"rendered":"<p>V prv&uacute; potroji\u010dn&uacute; nede\u013eu 10. j&uacute;na 2012 sa v r&aacute;mci hlavn&yacute;ch slu\u017eieb Bo\u017e&iacute;ch konala sl&aacute;vnos\u0165 uvedenia novozvolen&yacute;ch zborov&yacute;ch pracovn&iacute;kov. K&aacute;ze\u0148 Bo\u017eieho slova ako aj akt &uacute;vodu vykonal senior Bratislavsk&eacute;ho senior&aacute;tu br. Boris Mi&scaron;ina na z&aacute;klade Ev. Lk o boh&aacute;\u010dovi a Lazarovi. Z textu vyzdvihol potrebu prajavova\u0165 z&aacute;ujem o svojich bl&iacute;\u017enych, tak v materi&aacute;lnej ,ako aj duchovnej str&aacute;nke. Po\u010das pozemsk&eacute;ho \u017eivota sa treba d&iacute;va\u0165 na bud&uacute;ci \u017eivot.To maj&uacute; robi\u0165 v&scaron;etci veriaci, najm&auml; v&scaron;ak zvolen&iacute; pracovn&iacute;ci zboru. Po &uacute;vode im osobne blaho\u017eelal a nov&yacute; zborov&yacute; dozorca Ing. J&uacute;lius Filo po\u010fakoval pracovn&iacute;kom z minul&eacute;ho volebn&eacute;ho obdobia za ich pr&aacute;cu v prospech cirkvi, zboru a veriacich.<\/p>\n<p>&nbsp;<\/p>\n","protected":false},"excerpt":{"rendered":"<p>V prv&uacute; potroji\u010dn&uacute; nede\u013eu 10. j&uacute;na 2012 sa v r&aacute;mci hlavn&yacute;ch slu\u017eieb Bo\u017e&iacute;ch konala sl&aacute;vnos\u0165 uvedenia novozvolen&yacute;ch zborov&yacute;ch pracovn&iacute;kov. K&aacute;ze\u0148 Bo\u017eieho slova ako aj akt &uacute;vodu vykonal senior Bratislavsk&eacute;ho senior&aacute;tu br. Boris Mi&scaron;ina na z&aacute;klade Ev. Lk o boh&aacute;\u010dovi a Lazarovi. Z textu vyzdvihol potrebu prajavova\u0165 z&aacute;ujem o svojich bl&iacute;\u017enych, tak v materi&aacute;lnej ,ako aj &#8230; <a title=\"Uviedli nov\u00fdch zborov\u00fdch pracovn\u00edkov v cz ECAV Sv. Jur\" class=\"read-more\" href=\"https:\/\/www.e-anjelik.sk\/index.php\/2012\/06\/11\/uviedli-novych-zborovych-pracovnikov-v-cz-ecav-sv-jur\/\" aria-label=\"Pre\u010d\u00edtajte si viac o Uviedli nov\u00fdch zborov\u00fdch pracovn\u00edkov v cz ECAV Sv. Jur\">\u010c\u00edta\u0165 viac<\/a><\/p>\n","protected":false},"author":22,"featured_media":0,"comment_status":"open","ping_status":"open","sticky":false,"template":"","format":"standard","meta":{"footnotes":""},"categories":[1,246],"tags":[],"class_list":["post-4425","post","type-post","status-publish","format-standard","hentry","category-adventna-modlitba","category-svaty-jur"],"_links":{"self":[{"href":"https:\/\/www.e-anjelik.sk\/index.php\/wp-json\/wp\/v2\/posts\/4425","targetHints":{"allow":["GET"]}}],"collection":[{"href":"https:\/\/www.e-anjelik.sk\/index.php\/wp-json\/wp\/v2\/posts"}],"about":[{"href":"https:\/\/www.e-anjelik.sk\/index.php\/wp-json\/wp\/v2\/types\/post"}],"author":[{"embeddable":true,"href":"https:\/\/www.e-anjelik.sk\/index.php\/wp-json\/wp\/v2\/users\/22"}],"replies":[{"embeddable":true,"href":"https:\/\/www.e-anjelik.sk\/index.php\/wp-json\/wp\/v2\/comments?post=4425"}],"version-history":[{"count":0,"href":"https:\/\/www.e-anjelik.sk\/index.php\/wp-json\/wp\/v2\/posts\/4425\/revisions"}],"wp:attachment":[{"href":"https:\/\/www.e-anjelik.sk\/index.php\/wp-json\/wp\/v2\/media?parent=4425"}],"wp:term":[{"taxonomy":"category","embeddable":true,"href":"https:\/\/www.e-anjelik.sk\/index.php\/wp-json\/wp\/v2\/categories?post=4425"},{"taxonomy":"post_tag","embeddable":true,"href":"https:\/\/www.e-anjelik.sk\/index.php\/wp-json\/wp\/v2\/tags?post=4425"}],"curies":[{"name":"wp","href":"https:\/\/api.w.org\/{rel}","templated":true}]}}