{"id":4426,"date":"2012-06-12T10:56:36","date_gmt":"2012-06-12T10:56:36","guid":{"rendered":"http:\/\/e-anjelik.sk\/?p=4426"},"modified":"2012-06-12T10:56:36","modified_gmt":"2012-06-12T10:56:36","slug":"rokovali-biskupi-troch-krestanskych-cirkvi-v-madarsku","status":"publish","type":"post","link":"https:\/\/www.e-anjelik.sk\/index.php\/2012\/06\/12\/rokovali-biskupi-troch-krestanskych-cirkvi-v-madarsku\/","title":{"rendered":"Rokovali biskupi troch kres\u0165ansk\u00fdch cirkv\u00ed v Ma\u010farsku"},"content":{"rendered":"<p>Biskupi evanjelickej, katol&iacute;ckej a reformovanej cirkvi sa zi&scaron;li v priestoroch evanjelick&eacute;ho&nbsp;biskupsk&eacute;ho &uacute;radu Ju\u017en&eacute;ho di&scaron;triktu na Pu&scaron;kinovej ulici v Budape&scaron;ti, aby rokovali o aktu&aacute;lnych ot&aacute;zkach .Po modlitbe si vypo\u010duli preh\u013ead o vn&uacute;tornom \u017eivote ka\u017edej z cirkv&iacute;. Potom op&auml;tovne potvrdili platnos\u0165 vz&aacute;jomnej dohody o vyu\u010dovan&iacute; n&aacute;bo\u017eenstva tej-ktorej konfesie na cirkevnej &scaron;kole tretej cirkvi. Dohoda vst&uacute;pi v platnos\u0165 od septembra t.r. Z&aacute;verom&nbsp; rokovali o spolo\u010dnom postupe v rokovaniach s vl&aacute;dou o financovan&iacute; cirkv&iacute; v strednodobom a dlhodobom horizonte, najm&auml; v poh\u013eade na pr&iacute;pravu &scaron;t&aacute;tneho rozpo\u010dtu pre rok 2013.<\/p>\n<p>(<a href=\"http:\/\/www.evangelikus.hu\">www.evangelikus.hu<\/a>)<\/p>\n","protected":false},"excerpt":{"rendered":"<p>Biskupi evanjelickej, katol&iacute;ckej a reformovanej cirkvi sa zi&scaron;li v priestoroch evanjelick&eacute;ho&nbsp;biskupsk&eacute;ho &uacute;radu Ju\u017en&eacute;ho di&scaron;triktu na Pu&scaron;kinovej ulici v Budape&scaron;ti, aby rokovali o aktu&aacute;lnych ot&aacute;zkach .Po modlitbe si vypo\u010duli preh\u013ead o vn&uacute;tornom \u017eivote ka\u017edej z cirkv&iacute;. Potom op&auml;tovne potvrdili platnos\u0165 vz&aacute;jomnej dohody o vyu\u010dovan&iacute; n&aacute;bo\u017eenstva tej-ktorej konfesie na cirkevnej &scaron;kole tretej cirkvi. Dohoda vst&uacute;pi v platnos\u0165 &#8230; <a title=\"Rokovali biskupi troch kres\u0165ansk\u00fdch cirkv\u00ed v Ma\u010farsku\" class=\"read-more\" href=\"https:\/\/www.e-anjelik.sk\/index.php\/2012\/06\/12\/rokovali-biskupi-troch-krestanskych-cirkvi-v-madarsku\/\" aria-label=\"Pre\u010d\u00edtajte si viac o Rokovali biskupi troch kres\u0165ansk\u00fdch cirkv\u00ed v Ma\u010farsku\">\u010c\u00edta\u0165 viac<\/a><\/p>\n","protected":false},"author":22,"featured_media":0,"comment_status":"open","ping_status":"open","sticky":false,"template":"","format":"standard","meta":{"footnotes":""},"categories":[2],"tags":[],"class_list":["post-4426","post","type-post","status-publish","format-standard","hentry","category-ekumena"],"_links":{"self":[{"href":"https:\/\/www.e-anjelik.sk\/index.php\/wp-json\/wp\/v2\/posts\/4426","targetHints":{"allow":["GET"]}}],"collection":[{"href":"https:\/\/www.e-anjelik.sk\/index.php\/wp-json\/wp\/v2\/posts"}],"about":[{"href":"https:\/\/www.e-anjelik.sk\/index.php\/wp-json\/wp\/v2\/types\/post"}],"author":[{"embeddable":true,"href":"https:\/\/www.e-anjelik.sk\/index.php\/wp-json\/wp\/v2\/users\/22"}],"replies":[{"embeddable":true,"href":"https:\/\/www.e-anjelik.sk\/index.php\/wp-json\/wp\/v2\/comments?post=4426"}],"version-history":[{"count":0,"href":"https:\/\/www.e-anjelik.sk\/index.php\/wp-json\/wp\/v2\/posts\/4426\/revisions"}],"wp:attachment":[{"href":"https:\/\/www.e-anjelik.sk\/index.php\/wp-json\/wp\/v2\/media?parent=4426"}],"wp:term":[{"taxonomy":"category","embeddable":true,"href":"https:\/\/www.e-anjelik.sk\/index.php\/wp-json\/wp\/v2\/categories?post=4426"},{"taxonomy":"post_tag","embeddable":true,"href":"https:\/\/www.e-anjelik.sk\/index.php\/wp-json\/wp\/v2\/tags?post=4426"}],"curies":[{"name":"wp","href":"https:\/\/api.w.org\/{rel}","templated":true}]}}