{"id":4428,"date":"2012-06-12T11:38:15","date_gmt":"2012-06-12T11:38:15","guid":{"rendered":"http:\/\/e-anjelik.sk\/?p=4428"},"modified":"2012-06-12T11:38:15","modified_gmt":"2012-06-12T11:38:15","slug":"lutherova-akademia-v-rige-oslavuje","status":"publish","type":"post","link":"https:\/\/www.e-anjelik.sk\/index.php\/2012\/06\/12\/lutherova-akademia-v-rige-oslavuje\/","title":{"rendered":"Lutherova akad\u00e9mia v Rige oslavuje"},"content":{"rendered":"<p>7. j&uacute;na t.r. Lutherova akad&eacute;mia v Rige osl&aacute;vila dlhoro\u010dn&eacute; snahy o uznanie-akredit&aacute;ciu &scaron;t&aacute;tom ako vysok&aacute; &scaron;kola &uacute;spechom. Po viacer&yacute;ch stup\u0148och uzn&aacute;vania je teraz akad&eacute;mia uznan&aacute; s mo\u017enos\u0165ou ukon\u010denia z&aacute;vere\u010dn&yacute;mi sk&uacute;&scaron;kami s titulom bakal&aacute;r. V s&uacute;\u010dasnosti na &scaron;kole &scaron;tuduje 37 os&ocirc;b na teologickom programe,&nbsp;7 na programe cirkevnej hudby a 19 na programe zborov&eacute;ho pracovn&iacute;ka. Ved&uacute;ci &scaron;koly a cirkvi sa usiluj&uacute; o uznanie aj smeru zborovej diakonie.<\/p>\n<p>(<a href=\"http:\/\/www.martin-luther-bund.de\">www.martin-luther-bund.de<\/a>)<\/p>\n","protected":false},"excerpt":{"rendered":"<p>7. j&uacute;na t.r. Lutherova akad&eacute;mia v Rige osl&aacute;vila dlhoro\u010dn&eacute; snahy o uznanie-akredit&aacute;ciu &scaron;t&aacute;tom ako vysok&aacute; &scaron;kola &uacute;spechom. Po viacer&yacute;ch stup\u0148och uzn&aacute;vania je teraz akad&eacute;mia uznan&aacute; s mo\u017enos\u0165ou ukon\u010denia z&aacute;vere\u010dn&yacute;mi sk&uacute;&scaron;kami s titulom bakal&aacute;r. V s&uacute;\u010dasnosti na &scaron;kole &scaron;tuduje 37 os&ocirc;b na teologickom programe,&nbsp;7 na programe cirkevnej hudby a 19 na programe zborov&eacute;ho pracovn&iacute;ka. Ved&uacute;ci &scaron;koly &#8230; <a title=\"Lutherova akad\u00e9mia v Rige oslavuje\" class=\"read-more\" href=\"https:\/\/www.e-anjelik.sk\/index.php\/2012\/06\/12\/lutherova-akademia-v-rige-oslavuje\/\" aria-label=\"Pre\u010d\u00edtajte si viac o Lutherova akad\u00e9mia v Rige oslavuje\">\u010c\u00edta\u0165 viac<\/a><\/p>\n","protected":false},"author":22,"featured_media":0,"comment_status":"open","ping_status":"open","sticky":false,"template":"","format":"standard","meta":{"footnotes":""},"categories":[1],"tags":[201],"class_list":["post-4428","post","type-post","status-publish","format-standard","hentry","category-adventna-modlitba","tag-skoly"],"_links":{"self":[{"href":"https:\/\/www.e-anjelik.sk\/index.php\/wp-json\/wp\/v2\/posts\/4428","targetHints":{"allow":["GET"]}}],"collection":[{"href":"https:\/\/www.e-anjelik.sk\/index.php\/wp-json\/wp\/v2\/posts"}],"about":[{"href":"https:\/\/www.e-anjelik.sk\/index.php\/wp-json\/wp\/v2\/types\/post"}],"author":[{"embeddable":true,"href":"https:\/\/www.e-anjelik.sk\/index.php\/wp-json\/wp\/v2\/users\/22"}],"replies":[{"embeddable":true,"href":"https:\/\/www.e-anjelik.sk\/index.php\/wp-json\/wp\/v2\/comments?post=4428"}],"version-history":[{"count":0,"href":"https:\/\/www.e-anjelik.sk\/index.php\/wp-json\/wp\/v2\/posts\/4428\/revisions"}],"wp:attachment":[{"href":"https:\/\/www.e-anjelik.sk\/index.php\/wp-json\/wp\/v2\/media?parent=4428"}],"wp:term":[{"taxonomy":"category","embeddable":true,"href":"https:\/\/www.e-anjelik.sk\/index.php\/wp-json\/wp\/v2\/categories?post=4428"},{"taxonomy":"post_tag","embeddable":true,"href":"https:\/\/www.e-anjelik.sk\/index.php\/wp-json\/wp\/v2\/tags?post=4428"}],"curies":[{"name":"wp","href":"https:\/\/api.w.org\/{rel}","templated":true}]}}