{"id":4430,"date":"2012-06-13T12:49:20","date_gmt":"2012-06-13T12:49:20","guid":{"rendered":"http:\/\/e-anjelik.sk\/?p=4430"},"modified":"2012-06-13T12:49:20","modified_gmt":"2012-06-13T12:49:20","slug":"29-mladych-dobrovolnikov-severnej-cirkvi-ide-pracovat-do-zahranicia","status":"publish","type":"post","link":"https:\/\/www.e-anjelik.sk\/index.php\/2012\/06\/13\/29-mladych-dobrovolnikov-severnej-cirkvi-ide-pracovat-do-zahranicia\/","title":{"rendered":"29 mlad\u00fdch dobrovo\u013en\u00edkov Severnej cirkvi ide pracova\u0165 do zahrani\u010dia"},"content":{"rendered":"<p>Misijn&eacute; a ekumenick&eacute; stredisko Severnej cirkvi organizuje pomoc mlad&yacute;ch dobrovo\u013en&iacute;kov z tejto cirkvi pre ich partnersk&eacute; cirkvi v zahrani\u010d&iacute;. 29 mlad&yacute;ch evanjelick&yacute;ch kres\u0165anov bud&uacute; ako dobrovo\u013en&iacute;ci zadarmo pracova\u0165 v Indii, Tanz&aacute;nii, Keni, \u010c&iacute;ne, P&aacute;pui Novej Quinei, Ju\u017enej Afrike a na tichomorskom ostrove Kiribati.Programy s&uacute; podporen&eacute; prostriedkami spolkov&eacute;ho ministerstva pre rozvoj a zo Severnej cirkvi. Rozl&uacute;\u010dkov&aacute; bohoslu\u017eba bude 16. j&uacute;na 2012 v kostole v Bosau.<\/p>\n<p>(<a href=\"http:\/\/www.nordkirche.de\">www.nordkirche.de<\/a>)<\/p>\n","protected":false},"excerpt":{"rendered":"<p>Misijn&eacute; a ekumenick&eacute; stredisko Severnej cirkvi organizuje pomoc mlad&yacute;ch dobrovo\u013en&iacute;kov z tejto cirkvi pre ich partnersk&eacute; cirkvi v zahrani\u010d&iacute;. 29 mlad&yacute;ch evanjelick&yacute;ch kres\u0165anov bud&uacute; ako dobrovo\u013en&iacute;ci zadarmo pracova\u0165 v Indii, Tanz&aacute;nii, Keni, \u010c&iacute;ne, P&aacute;pui Novej Quinei, Ju\u017enej Afrike a na tichomorskom ostrove Kiribati.Programy s&uacute; podporen&eacute; prostriedkami spolkov&eacute;ho ministerstva pre rozvoj a zo Severnej cirkvi. Rozl&uacute;\u010dkov&aacute; &#8230; <a title=\"29 mlad\u00fdch dobrovo\u013en\u00edkov Severnej cirkvi ide pracova\u0165 do zahrani\u010dia\" class=\"read-more\" href=\"https:\/\/www.e-anjelik.sk\/index.php\/2012\/06\/13\/29-mladych-dobrovolnikov-severnej-cirkvi-ide-pracovat-do-zahranicia\/\" aria-label=\"Pre\u010d\u00edtajte si viac o 29 mlad\u00fdch dobrovo\u013en\u00edkov Severnej cirkvi ide pracova\u0165 do zahrani\u010dia\">\u010c\u00edta\u0165 viac<\/a><\/p>\n","protected":false},"author":22,"featured_media":0,"comment_status":"open","ping_status":"open","sticky":false,"template":"","format":"standard","meta":{"footnotes":""},"categories":[1],"tags":[187],"class_list":["post-4430","post","type-post","status-publish","format-standard","hentry","category-adventna-modlitba","tag-mladez-3"],"_links":{"self":[{"href":"https:\/\/www.e-anjelik.sk\/index.php\/wp-json\/wp\/v2\/posts\/4430","targetHints":{"allow":["GET"]}}],"collection":[{"href":"https:\/\/www.e-anjelik.sk\/index.php\/wp-json\/wp\/v2\/posts"}],"about":[{"href":"https:\/\/www.e-anjelik.sk\/index.php\/wp-json\/wp\/v2\/types\/post"}],"author":[{"embeddable":true,"href":"https:\/\/www.e-anjelik.sk\/index.php\/wp-json\/wp\/v2\/users\/22"}],"replies":[{"embeddable":true,"href":"https:\/\/www.e-anjelik.sk\/index.php\/wp-json\/wp\/v2\/comments?post=4430"}],"version-history":[{"count":0,"href":"https:\/\/www.e-anjelik.sk\/index.php\/wp-json\/wp\/v2\/posts\/4430\/revisions"}],"wp:attachment":[{"href":"https:\/\/www.e-anjelik.sk\/index.php\/wp-json\/wp\/v2\/media?parent=4430"}],"wp:term":[{"taxonomy":"category","embeddable":true,"href":"https:\/\/www.e-anjelik.sk\/index.php\/wp-json\/wp\/v2\/categories?post=4430"},{"taxonomy":"post_tag","embeddable":true,"href":"https:\/\/www.e-anjelik.sk\/index.php\/wp-json\/wp\/v2\/tags?post=4430"}],"curies":[{"name":"wp","href":"https:\/\/api.w.org\/{rel}","templated":true}]}}