{"id":4433,"date":"2012-06-14T09:23:58","date_gmt":"2012-06-14T09:23:58","guid":{"rendered":"http:\/\/e-anjelik.sk\/?p=4433"},"modified":"2012-06-14T09:23:58","modified_gmt":"2012-06-14T09:23:58","slug":"den-otvorenych-dveri-v-biskupskej-zahrade-vo-visby-svedsko","status":"publish","type":"post","link":"https:\/\/www.e-anjelik.sk\/index.php\/2012\/06\/14\/den-otvorenych-dveri-v-biskupskej-zahrade-vo-visby-svedsko\/","title":{"rendered":"De\u0148 otvoren\u00fdch dver\u00ed v biskupskej z\u00e1hrade vo Visby, \u0160v\u00e9dsko"},"content":{"rendered":"<p>Minul&yacute; v&iacute;kend sa v z&aacute;hrade biskupsk&eacute;ho pal&aacute;ca &Scaron;v&eacute;dskej cirkvi v hlavnom meste ostrova Gotland zi&scaron;lo na pozvanie tamoj&scaron;ieho biskupa Svena Bernharda Fasta a jeho man\u017eelky do 100 n&aacute;v&scaron;tevn&iacute;kov, aby sa pokochali v kr&aacute;sach tejto v&yacute;nimo\u010dnej z&aacute;hrady a vypili k&aacute;vi\u010dku. Z&aacute;hrada je skuto\u010dnou zelenou o&aacute;zou v meste. Rast&uacute; v nej rozli\u010dn&eacute; stromy, okrasn&eacute;, ovocn&eacute;,lesn&eacute; i exotick&eacute;. Pre ve\u013ek&yacute; z&aacute;ujem biskupsk&yacute; p&aacute;r chce akciu zopakova\u0165.<\/p>\n<p>(<a href=\"http:\/\/www.dagen.se\">www.dagen.se<\/a>)<\/p>\n","protected":false},"excerpt":{"rendered":"<p>Minul&yacute; v&iacute;kend sa v z&aacute;hrade biskupsk&eacute;ho pal&aacute;ca &Scaron;v&eacute;dskej cirkvi v hlavnom meste ostrova Gotland zi&scaron;lo na pozvanie tamoj&scaron;ieho biskupa Svena Bernharda Fasta a jeho man\u017eelky do 100 n&aacute;v&scaron;tevn&iacute;kov, aby sa pokochali v kr&aacute;sach tejto v&yacute;nimo\u010dnej z&aacute;hrady a vypili k&aacute;vi\u010dku. Z&aacute;hrada je skuto\u010dnou zelenou o&aacute;zou v meste. Rast&uacute; v nej rozli\u010dn&eacute; stromy, okrasn&eacute;, ovocn&eacute;,lesn&eacute; i exotick&eacute;. &#8230; <a title=\"De\u0148 otvoren\u00fdch dver\u00ed v biskupskej z\u00e1hrade vo Visby, \u0160v\u00e9dsko\" class=\"read-more\" href=\"https:\/\/www.e-anjelik.sk\/index.php\/2012\/06\/14\/den-otvorenych-dveri-v-biskupskej-zahrade-vo-visby-svedsko\/\" aria-label=\"Pre\u010d\u00edtajte si viac o De\u0148 otvoren\u00fdch dver\u00ed v biskupskej z\u00e1hrade vo Visby, \u0160v\u00e9dsko\">\u010c\u00edta\u0165 viac<\/a><\/p>\n","protected":false},"author":22,"featured_media":0,"comment_status":"open","ping_status":"open","sticky":false,"template":"","format":"standard","meta":{"footnotes":""},"categories":[42,10],"tags":[],"class_list":["post-4433","post","type-post","status-publish","format-standard","hentry","category-skandinavia","category-zo-sveta"],"_links":{"self":[{"href":"https:\/\/www.e-anjelik.sk\/index.php\/wp-json\/wp\/v2\/posts\/4433","targetHints":{"allow":["GET"]}}],"collection":[{"href":"https:\/\/www.e-anjelik.sk\/index.php\/wp-json\/wp\/v2\/posts"}],"about":[{"href":"https:\/\/www.e-anjelik.sk\/index.php\/wp-json\/wp\/v2\/types\/post"}],"author":[{"embeddable":true,"href":"https:\/\/www.e-anjelik.sk\/index.php\/wp-json\/wp\/v2\/users\/22"}],"replies":[{"embeddable":true,"href":"https:\/\/www.e-anjelik.sk\/index.php\/wp-json\/wp\/v2\/comments?post=4433"}],"version-history":[{"count":0,"href":"https:\/\/www.e-anjelik.sk\/index.php\/wp-json\/wp\/v2\/posts\/4433\/revisions"}],"wp:attachment":[{"href":"https:\/\/www.e-anjelik.sk\/index.php\/wp-json\/wp\/v2\/media?parent=4433"}],"wp:term":[{"taxonomy":"category","embeddable":true,"href":"https:\/\/www.e-anjelik.sk\/index.php\/wp-json\/wp\/v2\/categories?post=4433"},{"taxonomy":"post_tag","embeddable":true,"href":"https:\/\/www.e-anjelik.sk\/index.php\/wp-json\/wp\/v2\/tags?post=4433"}],"curies":[{"name":"wp","href":"https:\/\/api.w.org\/{rel}","templated":true}]}}