{"id":4435,"date":"2012-06-14T10:33:44","date_gmt":"2012-06-14T10:33:44","guid":{"rendered":"http:\/\/e-anjelik.sk\/?p=4435"},"modified":"2012-06-14T10:33:44","modified_gmt":"2012-06-14T10:33:44","slug":"teologicky-sa-stretli-v-krakove","status":"publish","type":"post","link":"https:\/\/www.e-anjelik.sk\/index.php\/2012\/06\/14\/teologicky-sa-stretli-v-krakove\/","title":{"rendered":"Teologi\u010dky sa stretli v Krakove"},"content":{"rendered":"<p>36 evanjelick&yacute;ch \u017eien -teologi\u010diek sa 6.-10.j&uacute;na &nbsp;stretlo v Krakove, aby rokovali o postaven&iacute; \u017eien v cirkvi.T&eacute;mou 3. medzin&aacute;rodn&eacute;ho zasadnutia s&uacute; texty&nbsp;apo&scaron;tola Pavla o \u017een&aacute;ch v&nbsp;zbore a cirkvi. Pr&iacute;tomn&eacute; boli \u017eeny z Nemecka, Po\u013eska, \u010ceska a Ruska.&nbsp;V Po\u013esku v Ev. cirkvi a.v. \u017eeny nie s&uacute; ordinovan&eacute;, m&ocirc;\u017eu &scaron;tudova\u0165 teol&oacute;giu a potom pracova\u0165 ako diakonky.Nem&ocirc;\u017eu vysluhova\u0165 Ve\u010deru P&aacute;novu. Pr&aacute;ve to bol aj cie\u013e tejto konferencie &#8211; &nbsp;posilni\u0165 po\u013esk&eacute; \u017eeny -teologi\u010dky. Zasadnutie organizovali: Diakonia Polska, v&yacute;bor \u017eien pri ECAV v Po\u013esku, Evanjelick&yacute; zv&auml;z a Spolok Gustava Adolfa.<\/p>\n<p>(<a href=\"http:\/\/www.gustav-adolf-werk.de\">www.gustav-adolf-werk.de<\/a>)<\/p>\n","protected":false},"excerpt":{"rendered":"<p>36 evanjelick&yacute;ch \u017eien -teologi\u010diek sa 6.-10.j&uacute;na &nbsp;stretlo v Krakove, aby rokovali o postaven&iacute; \u017eien v cirkvi.T&eacute;mou 3. medzin&aacute;rodn&eacute;ho zasadnutia s&uacute; texty&nbsp;apo&scaron;tola Pavla o \u017een&aacute;ch v&nbsp;zbore a cirkvi. Pr&iacute;tomn&eacute; boli \u017eeny z Nemecka, Po\u013eska, \u010ceska a Ruska.&nbsp;V Po\u013esku v Ev. cirkvi a.v. \u017eeny nie s&uacute; ordinovan&eacute;, m&ocirc;\u017eu &scaron;tudova\u0165 teol&oacute;giu a potom pracova\u0165 ako diakonky.Nem&ocirc;\u017eu vysluhova\u0165 Ve\u010deru &#8230; <a title=\"Teologi\u010dky sa stretli v Krakove\" class=\"read-more\" href=\"https:\/\/www.e-anjelik.sk\/index.php\/2012\/06\/14\/teologicky-sa-stretli-v-krakove\/\" aria-label=\"Pre\u010d\u00edtajte si viac o Teologi\u010dky sa stretli v Krakove\">\u010c\u00edta\u0165 viac<\/a><\/p>\n","protected":false},"author":22,"featured_media":0,"comment_status":"open","ping_status":"open","sticky":false,"template":"","format":"standard","meta":{"footnotes":""},"categories":[1],"tags":[234],"class_list":["post-4435","post","type-post","status-publish","format-standard","hentry","category-adventna-modlitba","tag-zdruzenia-a-skupiny"],"_links":{"self":[{"href":"https:\/\/www.e-anjelik.sk\/index.php\/wp-json\/wp\/v2\/posts\/4435","targetHints":{"allow":["GET"]}}],"collection":[{"href":"https:\/\/www.e-anjelik.sk\/index.php\/wp-json\/wp\/v2\/posts"}],"about":[{"href":"https:\/\/www.e-anjelik.sk\/index.php\/wp-json\/wp\/v2\/types\/post"}],"author":[{"embeddable":true,"href":"https:\/\/www.e-anjelik.sk\/index.php\/wp-json\/wp\/v2\/users\/22"}],"replies":[{"embeddable":true,"href":"https:\/\/www.e-anjelik.sk\/index.php\/wp-json\/wp\/v2\/comments?post=4435"}],"version-history":[{"count":0,"href":"https:\/\/www.e-anjelik.sk\/index.php\/wp-json\/wp\/v2\/posts\/4435\/revisions"}],"wp:attachment":[{"href":"https:\/\/www.e-anjelik.sk\/index.php\/wp-json\/wp\/v2\/media?parent=4435"}],"wp:term":[{"taxonomy":"category","embeddable":true,"href":"https:\/\/www.e-anjelik.sk\/index.php\/wp-json\/wp\/v2\/categories?post=4435"},{"taxonomy":"post_tag","embeddable":true,"href":"https:\/\/www.e-anjelik.sk\/index.php\/wp-json\/wp\/v2\/tags?post=4435"}],"curies":[{"name":"wp","href":"https:\/\/api.w.org\/{rel}","templated":true}]}}