{"id":4436,"date":"2012-06-14T11:05:24","date_gmt":"2012-06-14T11:05:24","guid":{"rendered":"http:\/\/e-anjelik.sk\/?p=4436"},"modified":"2012-06-14T11:05:24","modified_gmt":"2012-06-14T11:05:24","slug":"spory-o-homosexualitu-v-saskej-krajinskej-luteranskej-cirkvi","status":"publish","type":"post","link":"https:\/\/www.e-anjelik.sk\/index.php\/2012\/06\/14\/spory-o-homosexualitu-v-saskej-krajinskej-luteranskej-cirkvi\/","title":{"rendered":"Spory o homosexualitu v Saskej krajinskej luter\u00e1nskej cirkvi"},"content":{"rendered":"<p>Evanjelicko-luter&aacute;nska krajinsk&aacute; cirkev v Sasku suspendovala 13. j&uacute;na t.r. &nbsp;z funkcie evanjeliz&aacute;tora a autora piesn&iacute; Lutza Scheuflera. D&ocirc;vodom je jeho vyjadrenie spolu so siedmimi \u010dlenmi evanjeliza\u010dn&eacute;ho t&iacute;mu tejto cirkvi&nbsp;, \u017ee netreba po\u010d&uacute;va\u0165 gr&eacute;mia cirkvi ako duchovn&eacute; vedenie. Pozad&iacute;m je spor o homosexu&aacute;lne partnerstv&aacute;, ktor&eacute; vedenie cirkvi umo\u017e\u0148uje vo far&aacute;ch. K signat&aacute;rom vyhl&aacute;senia patr&iacute; o.i. i zn&aacute;my evanjeliz&aacute;tor z \u010dias NDR ,far&aacute;r Theo Lehmann, na ktor&eacute;ho bohoslu\u017eby chodilo do 5 tis&iacute;c \u013eud&iacute;.Vedenie cirkvi autora obvi\u0148uje, \u017ee vyz&yacute;va k trie&scaron;teniu cirkvi.Scheufler toti\u017e vyzval k zalo\u017eeniu vyzn&aacute;va\u010dskej synody.&nbsp;&nbsp;<\/p>\n<p>(<a href=\"http:\/\/www.idea.de\">www.idea.de<\/a>)<\/p>\n","protected":false},"excerpt":{"rendered":"<p>Evanjelicko-luter&aacute;nska krajinsk&aacute; cirkev v Sasku suspendovala 13. j&uacute;na t.r. &nbsp;z funkcie evanjeliz&aacute;tora a autora piesn&iacute; Lutza Scheuflera. D&ocirc;vodom je jeho vyjadrenie spolu so siedmimi \u010dlenmi evanjeliza\u010dn&eacute;ho t&iacute;mu tejto cirkvi&nbsp;, \u017ee netreba po\u010d&uacute;va\u0165 gr&eacute;mia cirkvi ako duchovn&eacute; vedenie. Pozad&iacute;m je spor o homosexu&aacute;lne partnerstv&aacute;, ktor&eacute; vedenie cirkvi umo\u017e\u0148uje vo far&aacute;ch. K signat&aacute;rom vyhl&aacute;senia patr&iacute; o.i. i &#8230; <a title=\"Spory o homosexualitu v Saskej krajinskej luter\u00e1nskej cirkvi\" class=\"read-more\" href=\"https:\/\/www.e-anjelik.sk\/index.php\/2012\/06\/14\/spory-o-homosexualitu-v-saskej-krajinskej-luteranskej-cirkvi\/\" aria-label=\"Pre\u010d\u00edtajte si viac o Spory o homosexualitu v Saskej krajinskej luter\u00e1nskej cirkvi\">\u010c\u00edta\u0165 viac<\/a><\/p>\n","protected":false},"author":22,"featured_media":0,"comment_status":"open","ping_status":"open","sticky":false,"template":"","format":"standard","meta":{"footnotes":""},"categories":[9,10],"tags":[],"class_list":["post-4436","post","type-post","status-publish","format-standard","hentry","category-europa","category-zo-sveta"],"_links":{"self":[{"href":"https:\/\/www.e-anjelik.sk\/index.php\/wp-json\/wp\/v2\/posts\/4436","targetHints":{"allow":["GET"]}}],"collection":[{"href":"https:\/\/www.e-anjelik.sk\/index.php\/wp-json\/wp\/v2\/posts"}],"about":[{"href":"https:\/\/www.e-anjelik.sk\/index.php\/wp-json\/wp\/v2\/types\/post"}],"author":[{"embeddable":true,"href":"https:\/\/www.e-anjelik.sk\/index.php\/wp-json\/wp\/v2\/users\/22"}],"replies":[{"embeddable":true,"href":"https:\/\/www.e-anjelik.sk\/index.php\/wp-json\/wp\/v2\/comments?post=4436"}],"version-history":[{"count":0,"href":"https:\/\/www.e-anjelik.sk\/index.php\/wp-json\/wp\/v2\/posts\/4436\/revisions"}],"wp:attachment":[{"href":"https:\/\/www.e-anjelik.sk\/index.php\/wp-json\/wp\/v2\/media?parent=4436"}],"wp:term":[{"taxonomy":"category","embeddable":true,"href":"https:\/\/www.e-anjelik.sk\/index.php\/wp-json\/wp\/v2\/categories?post=4436"},{"taxonomy":"post_tag","embeddable":true,"href":"https:\/\/www.e-anjelik.sk\/index.php\/wp-json\/wp\/v2\/tags?post=4436"}],"curies":[{"name":"wp","href":"https:\/\/api.w.org\/{rel}","templated":true}]}}