{"id":4440,"date":"2012-06-15T09:38:22","date_gmt":"2012-06-15T09:38:22","guid":{"rendered":"http:\/\/e-anjelik.sk\/?p=4440"},"modified":"2012-06-15T09:38:22","modified_gmt":"2012-06-15T09:38:22","slug":"ekumenicke-forum-v-hamburgu","status":"publish","type":"post","link":"https:\/\/www.e-anjelik.sk\/index.php\/2012\/06\/15\/ekumenicke-forum-v-hamburgu\/","title":{"rendered":"Ekumenick\u00e9 f\u00f3rum v Hamburgu"},"content":{"rendered":"<p>18.j&uacute;na 2012 popoludn&iacute; v Hamburgu, &scaron;tvr\u0165 Shanhaiallee po 20 mesiacoch stavebn&yacute;ch pr&aacute;c sl&aacute;vnostne otvoria Ekumenick&eacute; f&oacute;rum HafenCity . Vo f&oacute;re je zdru\u017een&yacute;ch 19 cirkv&iacute; a n&aacute;bo\u017eensk&yacute;ch spolo\u010dnost&iacute; ACK Hamburg.22.m&aacute;ja nov&aacute; budova dostala 630 kg v&aacute;\u017eiaci bronzov&yacute; zvon. Celkov&eacute; n&aacute;klady na stavbu s&uacute; 13.5 mili&oacute;na Euro. Sedempodla\u017en&aacute; budova je postaven&aacute; na ploche 1170 m2. V budove s&uacute; h\u013abkov&eacute; gar&aacute;\u017ee a na streche terasy. Na pr&iacute;zem&iacute; sa nach&aacute;dza ekumenick&aacute; kaplnka, kaviare\u0148, obchod&iacute;k a informa\u010dn&eacute; centrum o cirkv&aacute;ch Hamburgu.Vo vy&scaron;&scaron;&iacute;ch podla\u017eiach je 26 bytov. Ostatn&eacute; priestory bud&uacute; sl&uacute;\u017ei\u0165 pre Severn&uacute; cirkev.<\/p>\n<p>(<a href=\"http:\/\/www.nordkirche.de\">www.nordkirche.de<\/a>)<\/p>\n","protected":false},"excerpt":{"rendered":"<p>18.j&uacute;na 2012 popoludn&iacute; v Hamburgu, &scaron;tvr\u0165 Shanhaiallee po 20 mesiacoch stavebn&yacute;ch pr&aacute;c sl&aacute;vnostne otvoria Ekumenick&eacute; f&oacute;rum HafenCity . Vo f&oacute;re je zdru\u017een&yacute;ch 19 cirkv&iacute; a n&aacute;bo\u017eensk&yacute;ch spolo\u010dnost&iacute; ACK Hamburg.22.m&aacute;ja nov&aacute; budova dostala 630 kg v&aacute;\u017eiaci bronzov&yacute; zvon. Celkov&eacute; n&aacute;klady na stavbu s&uacute; 13.5 mili&oacute;na Euro. Sedempodla\u017en&aacute; budova je postaven&aacute; na ploche 1170 m2. V budove &#8230; <a title=\"Ekumenick\u00e9 f\u00f3rum v Hamburgu\" class=\"read-more\" href=\"https:\/\/www.e-anjelik.sk\/index.php\/2012\/06\/15\/ekumenicke-forum-v-hamburgu\/\" aria-label=\"Pre\u010d\u00edtajte si viac o Ekumenick\u00e9 f\u00f3rum v Hamburgu\">\u010c\u00edta\u0165 viac<\/a><\/p>\n","protected":false},"author":22,"featured_media":0,"comment_status":"open","ping_status":"open","sticky":false,"template":"","format":"standard","meta":{"footnotes":""},"categories":[2],"tags":[],"class_list":["post-4440","post","type-post","status-publish","format-standard","hentry","category-ekumena"],"_links":{"self":[{"href":"https:\/\/www.e-anjelik.sk\/index.php\/wp-json\/wp\/v2\/posts\/4440","targetHints":{"allow":["GET"]}}],"collection":[{"href":"https:\/\/www.e-anjelik.sk\/index.php\/wp-json\/wp\/v2\/posts"}],"about":[{"href":"https:\/\/www.e-anjelik.sk\/index.php\/wp-json\/wp\/v2\/types\/post"}],"author":[{"embeddable":true,"href":"https:\/\/www.e-anjelik.sk\/index.php\/wp-json\/wp\/v2\/users\/22"}],"replies":[{"embeddable":true,"href":"https:\/\/www.e-anjelik.sk\/index.php\/wp-json\/wp\/v2\/comments?post=4440"}],"version-history":[{"count":0,"href":"https:\/\/www.e-anjelik.sk\/index.php\/wp-json\/wp\/v2\/posts\/4440\/revisions"}],"wp:attachment":[{"href":"https:\/\/www.e-anjelik.sk\/index.php\/wp-json\/wp\/v2\/media?parent=4440"}],"wp:term":[{"taxonomy":"category","embeddable":true,"href":"https:\/\/www.e-anjelik.sk\/index.php\/wp-json\/wp\/v2\/categories?post=4440"},{"taxonomy":"post_tag","embeddable":true,"href":"https:\/\/www.e-anjelik.sk\/index.php\/wp-json\/wp\/v2\/tags?post=4440"}],"curies":[{"name":"wp","href":"https:\/\/api.w.org\/{rel}","templated":true}]}}