{"id":4444,"date":"2012-06-18T07:12:02","date_gmt":"2012-06-18T07:12:02","guid":{"rendered":"http:\/\/e-anjelik.sk\/?p=4444"},"modified":"2012-06-18T07:12:02","modified_gmt":"2012-06-18T07:12:02","slug":"brot-fuer-die-welt-a-evangelische-entwicklungsarbeit-sa-zlucia","status":"publish","type":"post","link":"https:\/\/www.e-anjelik.sk\/index.php\/2012\/06\/18\/brot-fuer-die-welt-a-evangelische-entwicklungsarbeit-sa-zlucia\/","title":{"rendered":"Brot fuer die Welt a Evangelische Entwicklungsarbeit sa zl\u00fa\u010dia"},"content":{"rendered":"<p>Valn&eacute; zhroma\u017edenia dvoch nemeck&yacute;ch evanjelick&yacute;ch diakonick&yacute;ch a rozvojov&yacute;ch organiz&aacute;ci&iacute; &#8211; Brot fuer die Welt a Evangelische Entwickungsarbeit v Berl&iacute;ne 14. j&uacute;na rozhodli hlasovan&iacute;m deleg&aacute;tov, \u017ee tieto charitat&iacute;vn&eacute; pre&nbsp;pomoc \u013eu\u010fom v Nemecku a v zahrani\u010d&iacute; sa spoja. N&aacute;zov spojenej organiz&aacute;cie je &#8211; Evangelisches Werk fuer Diakonie und Entwicklung (Evanjelick&eacute; dielo\/pr&aacute;ca\/ pre diakoniu a rozvoj). S&iacute;dlom novej organiz&aacute;cie bude Berl&iacute;n. V organiz&aacute;cii bude pracova\u0165 640 pracovn&iacute;kov. Spojen&aacute; organiz&aacute;cia za\u010dne fungova\u0165 od okt. t.r. Doteraj&scaron;ie s&iacute;dla v &Scaron;tuttgarte a Bonne bud&uacute; zru&scaron;en&eacute;.<\/p>\n<p>(<a href=\"http:\/\/www.ekd.de\">www.ekd.de<\/a>)<\/p>\n","protected":false},"excerpt":{"rendered":"<p>Valn&eacute; zhroma\u017edenia dvoch nemeck&yacute;ch evanjelick&yacute;ch diakonick&yacute;ch a rozvojov&yacute;ch organiz&aacute;ci&iacute; &#8211; Brot fuer die Welt a Evangelische Entwickungsarbeit v Berl&iacute;ne 14. j&uacute;na rozhodli hlasovan&iacute;m deleg&aacute;tov, \u017ee tieto charitat&iacute;vn&eacute; pre&nbsp;pomoc \u013eu\u010fom v Nemecku a v zahrani\u010d&iacute; sa spoja. N&aacute;zov spojenej organiz&aacute;cie je &#8211; Evangelisches Werk fuer Diakonie und Entwicklung (Evanjelick&eacute; dielo\/pr&aacute;ca\/ pre diakoniu a rozvoj). S&iacute;dlom novej &#8230; <a title=\"Brot fuer die Welt a Evangelische Entwicklungsarbeit sa zl\u00fa\u010dia\" class=\"read-more\" href=\"https:\/\/www.e-anjelik.sk\/index.php\/2012\/06\/18\/brot-fuer-die-welt-a-evangelische-entwicklungsarbeit-sa-zlucia\/\" aria-label=\"Pre\u010d\u00edtajte si viac o Brot fuer die Welt a Evangelische Entwicklungsarbeit sa zl\u00fa\u010dia\">\u010c\u00edta\u0165 viac<\/a><\/p>\n","protected":false},"author":22,"featured_media":0,"comment_status":"open","ping_status":"open","sticky":false,"template":"","format":"standard","meta":{"footnotes":""},"categories":[1],"tags":[234],"class_list":["post-4444","post","type-post","status-publish","format-standard","hentry","category-adventna-modlitba","tag-zdruzenia-a-skupiny"],"_links":{"self":[{"href":"https:\/\/www.e-anjelik.sk\/index.php\/wp-json\/wp\/v2\/posts\/4444","targetHints":{"allow":["GET"]}}],"collection":[{"href":"https:\/\/www.e-anjelik.sk\/index.php\/wp-json\/wp\/v2\/posts"}],"about":[{"href":"https:\/\/www.e-anjelik.sk\/index.php\/wp-json\/wp\/v2\/types\/post"}],"author":[{"embeddable":true,"href":"https:\/\/www.e-anjelik.sk\/index.php\/wp-json\/wp\/v2\/users\/22"}],"replies":[{"embeddable":true,"href":"https:\/\/www.e-anjelik.sk\/index.php\/wp-json\/wp\/v2\/comments?post=4444"}],"version-history":[{"count":0,"href":"https:\/\/www.e-anjelik.sk\/index.php\/wp-json\/wp\/v2\/posts\/4444\/revisions"}],"wp:attachment":[{"href":"https:\/\/www.e-anjelik.sk\/index.php\/wp-json\/wp\/v2\/media?parent=4444"}],"wp:term":[{"taxonomy":"category","embeddable":true,"href":"https:\/\/www.e-anjelik.sk\/index.php\/wp-json\/wp\/v2\/categories?post=4444"},{"taxonomy":"post_tag","embeddable":true,"href":"https:\/\/www.e-anjelik.sk\/index.php\/wp-json\/wp\/v2\/tags?post=4444"}],"curies":[{"name":"wp","href":"https:\/\/api.w.org\/{rel}","templated":true}]}}