{"id":4445,"date":"2012-06-18T07:26:59","date_gmt":"2012-06-18T07:26:59","guid":{"rendered":"http:\/\/e-anjelik.sk\/?p=4445"},"modified":"2012-06-18T07:26:59","modified_gmt":"2012-06-18T07:26:59","slug":"zasada-synoda-evanjelickej-cirkvi-rakuska","status":"publish","type":"post","link":"https:\/\/www.e-anjelik.sk\/index.php\/2012\/06\/18\/zasada-synoda-evanjelickej-cirkvi-rakuska\/","title":{"rendered":"Zasad\u00e1 synoda Evanjelickej cirkvi Rak\u00faska"},"content":{"rendered":"<p>13. j&uacute;na t.r. sa otv&aacute;rac&iacute;mi slu\u017ebami Bo\u017e&iacute;mi v kostole Gustava Adolfa vo Viedni za\u010dalo jarn&eacute; zasadnutie synody Evanjelickej cirkvi v Rak&uacute;sku. Synoda bude v znamen&iacute; volieb. Deleg&aacute;ti synody za prezidenta synody op&auml;tovne zvolili 62-ro\u010dn&eacute;ho pr&aacute;vnika zo St. Poltenu Petra Kromera. Z&iacute;skal 44 zo 61 odovzdan&yacute;ch hlasov. Jeho protikandid&aacute;tka Gerhilda Hergesell 17 hlasov. V piatok 15. j&uacute;na synod&aacute;li zvolili troch neordinovan&yacute;ch vrchn&yacute;ch cirkevn&yacute;ch radcov: Udo Bachmaira, Hans-Joachima Bodenhofera a Heinza Ticheho.<\/p>\n<p>(<a href=\"http:\/\/www.evang.at\">www.evang.at<\/a>)<\/p>\n","protected":false},"excerpt":{"rendered":"<p>13. j&uacute;na t.r. sa otv&aacute;rac&iacute;mi slu\u017ebami Bo\u017e&iacute;mi v kostole Gustava Adolfa vo Viedni za\u010dalo jarn&eacute; zasadnutie synody Evanjelickej cirkvi v Rak&uacute;sku. Synoda bude v znamen&iacute; volieb. Deleg&aacute;ti synody za prezidenta synody op&auml;tovne zvolili 62-ro\u010dn&eacute;ho pr&aacute;vnika zo St. Poltenu Petra Kromera. Z&iacute;skal 44 zo 61 odovzdan&yacute;ch hlasov. Jeho protikandid&aacute;tka Gerhilda Hergesell 17 hlasov. V piatok 15. &#8230; <a title=\"Zasad\u00e1 synoda Evanjelickej cirkvi Rak\u00faska\" class=\"read-more\" href=\"https:\/\/www.e-anjelik.sk\/index.php\/2012\/06\/18\/zasada-synoda-evanjelickej-cirkvi-rakuska\/\" aria-label=\"Pre\u010d\u00edtajte si viac o Zasad\u00e1 synoda Evanjelickej cirkvi Rak\u00faska\">\u010c\u00edta\u0165 viac<\/a><\/p>\n","protected":false},"author":22,"featured_media":0,"comment_status":"open","ping_status":"open","sticky":false,"template":"","format":"standard","meta":{"footnotes":""},"categories":[9,10],"tags":[],"class_list":["post-4445","post","type-post","status-publish","format-standard","hentry","category-europa","category-zo-sveta"],"_links":{"self":[{"href":"https:\/\/www.e-anjelik.sk\/index.php\/wp-json\/wp\/v2\/posts\/4445","targetHints":{"allow":["GET"]}}],"collection":[{"href":"https:\/\/www.e-anjelik.sk\/index.php\/wp-json\/wp\/v2\/posts"}],"about":[{"href":"https:\/\/www.e-anjelik.sk\/index.php\/wp-json\/wp\/v2\/types\/post"}],"author":[{"embeddable":true,"href":"https:\/\/www.e-anjelik.sk\/index.php\/wp-json\/wp\/v2\/users\/22"}],"replies":[{"embeddable":true,"href":"https:\/\/www.e-anjelik.sk\/index.php\/wp-json\/wp\/v2\/comments?post=4445"}],"version-history":[{"count":0,"href":"https:\/\/www.e-anjelik.sk\/index.php\/wp-json\/wp\/v2\/posts\/4445\/revisions"}],"wp:attachment":[{"href":"https:\/\/www.e-anjelik.sk\/index.php\/wp-json\/wp\/v2\/media?parent=4445"}],"wp:term":[{"taxonomy":"category","embeddable":true,"href":"https:\/\/www.e-anjelik.sk\/index.php\/wp-json\/wp\/v2\/categories?post=4445"},{"taxonomy":"post_tag","embeddable":true,"href":"https:\/\/www.e-anjelik.sk\/index.php\/wp-json\/wp\/v2\/tags?post=4445"}],"curies":[{"name":"wp","href":"https:\/\/api.w.org\/{rel}","templated":true}]}}