{"id":4446,"date":"2012-06-18T07:43:46","date_gmt":"2012-06-18T07:43:46","guid":{"rendered":"http:\/\/e-anjelik.sk\/?p=4446"},"modified":"2012-06-18T07:43:46","modified_gmt":"2012-06-18T07:43:46","slug":"sliezska-diakonia-na-navsteve-v-nemecku","status":"publish","type":"post","link":"https:\/\/www.e-anjelik.sk\/index.php\/2012\/06\/18\/sliezska-diakonia-na-navsteve-v-nemecku\/","title":{"rendered":"Sliezska diakonia na n\u00e1v\u0161teve v Nemecku"},"content":{"rendered":"<p>Deleg&aacute;cia piatich pracovn&iacute;kov\/\u010diek zo soci&aacute;lnych stred&iacute;sk Sliezskej diakonie Sliezskej ev. cirkvi a.v. v \u010cR bola v minul&yacute;ch d\u0148och na n&aacute;v&scaron;teve v najv&auml;\u010d&scaron;om diakonickom zariaden&iacute; SELK -Naemi Wilke Stfte v Guben. 14. j&uacute;na \u010desk&yacute;ch host&iacute; prijalo na osobitnom stretnut&iacute; predsedn&iacute;ctvo a kurat&oacute;rium tohto zariadenia. Sliezska diakonia je v \u010cR tret&iacute;m najv&auml;\u010d&scaron;&iacute;m ne&scaron;t&aacute;tnym soci&aacute;lnym zariaden&iacute;m. Zalo\u017een&aacute; bola roku 1990.&nbsp;<\/p>\n<p>(<a href=\"http:\/\/www.selk.de\">www.selk.de<\/a>)<\/p>\n","protected":false},"excerpt":{"rendered":"<p>Deleg&aacute;cia piatich pracovn&iacute;kov\/\u010diek zo soci&aacute;lnych stred&iacute;sk Sliezskej diakonie Sliezskej ev. cirkvi a.v. v \u010cR bola v minul&yacute;ch d\u0148och na n&aacute;v&scaron;teve v najv&auml;\u010d&scaron;om diakonickom zariaden&iacute; SELK -Naemi Wilke Stfte v Guben. 14. j&uacute;na \u010desk&yacute;ch host&iacute; prijalo na osobitnom stretnut&iacute; predsedn&iacute;ctvo a kurat&oacute;rium tohto zariadenia. Sliezska diakonia je v \u010cR tret&iacute;m najv&auml;\u010d&scaron;&iacute;m ne&scaron;t&aacute;tnym soci&aacute;lnym zariaden&iacute;m. Zalo\u017een&aacute; bola &#8230; <a title=\"Sliezska diakonia na n\u00e1v\u0161teve v Nemecku\" class=\"read-more\" href=\"https:\/\/www.e-anjelik.sk\/index.php\/2012\/06\/18\/sliezska-diakonia-na-navsteve-v-nemecku\/\" aria-label=\"Pre\u010d\u00edtajte si viac o Sliezska diakonia na n\u00e1v\u0161teve v Nemecku\">\u010c\u00edta\u0165 viac<\/a><\/p>\n","protected":false},"author":22,"featured_media":0,"comment_status":"open","ping_status":"open","sticky":false,"template":"","format":"standard","meta":{"footnotes":""},"categories":[1],"tags":[221],"class_list":["post-4446","post","type-post","status-publish","format-standard","hentry","category-adventna-modlitba","tag-diakonia"],"_links":{"self":[{"href":"https:\/\/www.e-anjelik.sk\/index.php\/wp-json\/wp\/v2\/posts\/4446","targetHints":{"allow":["GET"]}}],"collection":[{"href":"https:\/\/www.e-anjelik.sk\/index.php\/wp-json\/wp\/v2\/posts"}],"about":[{"href":"https:\/\/www.e-anjelik.sk\/index.php\/wp-json\/wp\/v2\/types\/post"}],"author":[{"embeddable":true,"href":"https:\/\/www.e-anjelik.sk\/index.php\/wp-json\/wp\/v2\/users\/22"}],"replies":[{"embeddable":true,"href":"https:\/\/www.e-anjelik.sk\/index.php\/wp-json\/wp\/v2\/comments?post=4446"}],"version-history":[{"count":0,"href":"https:\/\/www.e-anjelik.sk\/index.php\/wp-json\/wp\/v2\/posts\/4446\/revisions"}],"wp:attachment":[{"href":"https:\/\/www.e-anjelik.sk\/index.php\/wp-json\/wp\/v2\/media?parent=4446"}],"wp:term":[{"taxonomy":"category","embeddable":true,"href":"https:\/\/www.e-anjelik.sk\/index.php\/wp-json\/wp\/v2\/categories?post=4446"},{"taxonomy":"post_tag","embeddable":true,"href":"https:\/\/www.e-anjelik.sk\/index.php\/wp-json\/wp\/v2\/tags?post=4446"}],"curies":[{"name":"wp","href":"https:\/\/api.w.org\/{rel}","templated":true}]}}