{"id":4449,"date":"2012-06-19T04:14:14","date_gmt":"2012-06-19T04:14:14","guid":{"rendered":"http:\/\/e-anjelik.sk\/?p=4449"},"modified":"2012-06-19T04:14:14","modified_gmt":"2012-06-19T04:14:14","slug":"cirkev-invalid","status":"publish","type":"post","link":"https:\/\/www.e-anjelik.sk\/index.php\/2012\/06\/19\/cirkev-invalid\/","title":{"rendered":"Cirkev &#8211; invalid?"},"content":{"rendered":"<p>&nbsp;<span class=\"Apple-style-span\" style=\"font-family: Helvetica; font-size: 16px; line-height: normal; \"><b>&nbsp; &nbsp; &nbsp; &nbsp; &nbsp; &nbsp; &nbsp; &nbsp; &nbsp; &nbsp; &nbsp; &nbsp; &nbsp; &nbsp; &nbsp; &nbsp; &nbsp; &nbsp; &nbsp; &nbsp; &nbsp; &nbsp; &nbsp; &nbsp; &nbsp; &nbsp; &nbsp; &nbsp; Cirkev &#8211; invalid ?<\/b><\/span><\/p>\n<p style=\"margin: 0.0px 0.0px 0.0px 0.0px; font: 16.0px Helvetica\"><span style=\"letter-spacing: 0.0px\"><b>Ef 4, 11- 16:<\/b><\/span><\/p>\n<p style=\"margin: 0.0px 0.0px 0.0px 0.0px; font: 16.0px Helvetica; min-height: 19.0px\">&nbsp;<\/p>\n<p style=\"margin: 0.0px 0.0px 0.0px 0.0px; font: 16.0px Helvetica\"><span style=\"letter-spacing: 0.0px\"><i>&ldquo;A On ustanovil jedn&yacute;ch za apo&scaron;tolov, in&yacute;ch za prorokov, zase in&yacute;ch za evanjelistov a in&yacute;ch za pastierov a u\u010dite\u013eov, (12) aby pripravovali sv&auml;t&yacute;ch na dielo slu\u017eby, budova\u0165 telo Kristovo, (13) a\u017e v&scaron;etci dospejeme k jednote vo viere a poznan&iacute; Syna Bo\u017eieho, v mu\u017ea dospel&eacute;ho, k miere veku plnosti Kristovej; (14) aby sme neboli viac nedospel&yacute;mi, ktor&yacute;mi ka\u017ed&yacute; vietor u\u010denia sem a tam h&aacute;d\u017ee a zmieta pod\u013ea \u013eudskej &uacute;sko\u010dnosti a chytr&aacute;ctva, aby &uacute;kladmi boli uveden&iacute; do bludu; (15) ale aby sme vern&iacute; pravde, v l&aacute;ske r&aacute;stli v ka\u017edom oh\u013eade v Toho, ktor&yacute; je Hlava, v Krista. (16) On sp&aacute;ja a zv&auml;zuje&nbsp; cel&eacute; telo v&scaron;etk&yacute;i spojivami spolo\u010dnej slu\u017eby a pod\u013ea miery \u010dinnosti ka\u017ed&eacute;ho &uacute;da d&aacute;va telu r&aacute;s\u0165, aby sa budovalo v l&aacute;ske.&rdquo; Amen<\/i><\/span><\/p>\n<p style=\"margin: 0.0px 0.0px 0.0px 0.0px; font: 16.0px Helvetica; min-height: 19.0px\">&nbsp;<\/p>\n<p style=\"margin: 0.0px 0.0px 0.0px 0.0px; font: 16.0px Helvetica\"><span style=\"letter-spacing: 0.0px\">Bohumil&iacute; kres\u0165ania, bratia a sestry v P&aacute;novi! &nbsp; &nbsp; &nbsp;<\/span><\/p>\n<p style=\"margin: 0.0px 0.0px 0.0px 0.0px; font: 16.0px Helvetica; min-height: 19.0px\"><span style=\"letter-spacing: 0.0px\">&nbsp; &nbsp; &nbsp;<\/span><\/p>\n<p style=\"margin: 0.0px 0.0px 0.0px 0.0px; font: 16.0px Helvetica\"><span style=\"letter-spacing: 0.0px\">Ned&aacute;vno, ma zastavil mlad&yacute; mu\u017e a rozhovoril sa o sebe a svojom \u017eivote. Povedal, \u017ee h\u013ead&aacute; P&aacute;na Boha. S ur\u010ditou v&yacute;\u010ditkou mi povedal: &ldquo;Pre\u010do sa dnes nevedia predstavitelia cirkvi dohovori\u0165 a dohodn&uacute;\u0165 s predstavite\u013emi vedy o tom, ako vlastne vznikol svet? Ve\u010f \u017eijeme v slobode a treba si len spolu sadn&uacute;\u0165 a po\u010d&uacute;va\u0165 jeden druh&eacute;ho. Iste by sa dospelo k poznaniu pravdy&rdquo;. &#8211; Ke\u010f som mu povedal, \u017ee k poznaniu Boha Otca a Stvorite\u013ea pr&iacute;deme len cez poznanie P&aacute;na Je\u017ei&scaron;a Krista a Jeho slovo, nerozumel mi. Zrejme je presved\u010den&yacute;, \u017ee k sp&aacute;se a ve\u010dn&eacute;mu \u017eivotu dospeje \u010dlovek t&yacute;m, \u017ee bude vedie\u0165 ako P&aacute;n Boh stvoril svet a to \u010do nap\u013a\u0148a. Nedospeje! Nemo\u017eno spr&aacute;vne a dobre pozna\u0165 Boha Otca, Stvorite\u013ea neba a zeme bez Jeho Syna.<\/span><\/p>\n<p style=\"margin: 0.0px 0.0px 0.0px 0.0px; font: 16.0px Helvetica; min-height: 19.0px\">&nbsp;<\/p>\n<p style=\"margin: 0.0px 0.0px 0.0px 0.0px; font: 16.0px Helvetica\"><span style=\"letter-spacing: 0.0px\">O d&ocirc;le\u017eitosti l&aacute;sky ku Kristu a k Jeho slovu sme v k&aacute;zni po\u010d&uacute;vali u\u017e v\u010dera, v prv&yacute; <b>sviatok sv&auml;todu&scaron;n&yacute;<\/b>. Len\u017ee pozna\u0165 a spr&aacute;vne veri\u0165 v Je\u017ei&scaron;a Krista ako P&aacute;na nem&ocirc;\u017eeme bez pomoci Ducha Sv&auml;t&eacute;ho. Spolu s na&scaron;&iacute;m reform&aacute;torom Dr.Martinom Lutherom vyzn&aacute;vame: &ldquo;<i>Ver&iacute;m, \u017ee ja z o svojho vlastn&eacute;ho rozumu a zo svojej sily nem&ocirc;\u017eem v Je\u017ei&scaron;a Krista, m&ocirc;jho P&aacute;na, veri\u0165 ani k Nemu pr&iacute;s\u0165, ale \u017ee ma Duch Sv&auml;t&yacute; evanjeliom povolal, svojimi darmi osvietil, v pravej viere posv&auml;til a zachoval&#8230;&rdquo; (Mal&yacute; katechizmus) <\/i>Jednoducho povedan&eacute;, my potrebujeme pomoc a dielo celej Sv&auml;tej Trojice. Ale ani to e&scaron;te nie je v&scaron;etko.<\/span><\/p>\n<p style=\"margin: 0.0px 0.0px 0.0px 0.0px; font: 16.0px Helvetica; min-height: 19.0px\"><span style=\"letter-spacing: 0.0px\">&nbsp; &nbsp;<\/span><\/p>\n<p style=\"margin: 0.0px 0.0px 0.0px 0.0px; font: 16.0px Helvetica\"><span style=\"letter-spacing: 0.0px\">Evanjelium by sme nepoznali bez slu\u017eby evanjelistov a apo&scaron;tolov. Bez ich vernosti a poslu&scaron;nosti, bez ich st&aacute;losti vo viere. Aj ich viera sa po\u010dala a zrodila z evanjelia Je\u017ei&scaron;a Krista. Apo&scaron;tolovia boli preto najsk&ocirc;r \u017eiaci. U\u010den&iacute;ci, po\u010d&uacute;vaj&uacute;ci slovo Kristovo. Potom Duch Sv&auml;t&yacute;, ako nebesk&aacute; rosa, dal zasiatemu vz&aacute;cnemu zrnu vzkl&iacute;\u010di\u0165 v ich srdcich. Mo\u017eno preto \u010dasto a radi hovor&iacute;me v cirkvi o <i>&ldquo;vyliat&iacute;<\/i> &ldquo; Ducha Sv&auml;t&eacute;ho na apo&scaron;tolov, lebo Jeho p&ocirc;sobenie malo a m&aacute; &uacute;\u010dinok<b> ako d&aacute;\u017e\u010f a rosa na vyprahnut&uacute; p&ocirc;du<\/b>. To, \u010do je v \u013eudskom srdci zasiate, m&ocirc;\u017ee za\u010da\u0165 kl&iacute;\u010di\u0165 a r&aacute;s\u0165 Jeho p&ocirc;soben&iacute;m.<\/span><\/p>\n<p style=\"margin: 0.0px 0.0px 0.0px 0.0px; font: 16.0px Helvetica; min-height: 19.0px\"><span style=\"letter-spacing: 0.0px\">&nbsp; &nbsp; &nbsp; &nbsp; &nbsp;<\/span><\/p>\n<p style=\"margin: 0.0px 0.0px 0.0px 0.0px; font: 16.0px Helvetica\"><span style=\"letter-spacing: 0.0px\">Evanjelistom a apo&scaron;tolom zvestoval evanjelium s&aacute;m Je\u017ei&scaron; Kristus. Ostatn&yacute;m \u013eu\u010fom u\u017e oni sami. Potom ich \u017eiaci \u010fal&scaron;&iacute;m a \u010fal&scaron;&iacute;m. T&aacute;to pr&aacute;ca je nezastupite\u013en&aacute; a nenahradite\u013en&aacute;. Ale nebola by ni\u010d platn&aacute;, ak by Boh Otec a Syn skrze Ducha S&auml;t&eacute;ho nedal <b>vzrast<\/b>. Semienko viery zasiate v Slove do \u013eudsk&eacute;ho srdca je semenom v tvrdej, skalnatej, alebo neraz ve\u013emi zaburinenej p&ocirc;de. O tom vieme dos\u0165 z podobenstiev a slov P&aacute;na Je\u017ei&scaron;a, ktor&eacute; nemo\u017eno bra\u0165 na \u013eahk&uacute; v&aacute;hu.<\/span><\/p>\n<p style=\"margin: 0.0px 0.0px 0.0px 0.0px; font: 16.0px Helvetica; min-height: 19.0px\"><span style=\"letter-spacing: 0.0px\">&nbsp;&nbsp; &nbsp; &nbsp;<\/span><\/p>\n<p style=\"margin: 0.0px 0.0px 0.0px 0.0px; font: 16.0px Helvetica\"><span style=\"letter-spacing: 0.0px\">Apo&scaron;tol Pavel s&aacute;m o sebe vyznal, \u017ee jemu osobne sa dal Je\u017ei&scaron; pozna\u0165 ako posledn&eacute;mu z apo&scaron;tolov. Doslova hovor&iacute;: &rdquo;ako nedoch&ocirc;d\u010da\u0165u&rdquo;!<\/span><\/p>\n<p style=\"margin: 0.0px 0.0px 0.0px 0.0px; font: 16.0px Helvetica\"><span style=\"letter-spacing: 0.0px\">-Ke\u010f som bol chlapec, chodievali sme p&aacute;s\u0165 husi. Ke\u010f mama k&uacute;pila 1O-12 hus&iacute;, v\u017edy sa st&aacute;valo, \u017ee jedno z t&yacute;ch h&uacute;sat sa uk&aacute;zalo ak&eacute;si slab&eacute; a nedu\u017eiv&eacute; a ak n&aacute;hodou neuhynulo, tak&eacute; aj ostalo. Hovorili sme mu: Matej. Nevedel som, pre\u010do pr&aacute;ve Matej. Nesk&ocirc;r som si uvedomil, \u017ee Matej bol posledn&yacute; z apo&scaron;tolov, iba dodato\u010dne vyvolen&yacute; na miesto Jud&aacute;&scaron;a. Matej, prenesene znamen&aacute;: posledn&yacute;!&nbsp; A Pavel bol povolan&yacute; za apo&scaron;tola a\u017e po Matejovi. \u013dudsky viden&eacute;: ako nedoch&ocirc;d\u010da! A predsa sa dok&aacute;zal ako ve\u013ek&yacute; apo&scaron;tol \u017didov i pohanov.<\/span><\/p>\n<p style=\"margin: 0.0px 0.0px 0.0px 0.0px; font: 16.0px Helvetica; min-height: 19.0px\"><span style=\"letter-spacing: 0.0px\">&nbsp;&nbsp; &nbsp; &nbsp; &nbsp;<\/span><\/p>\n<p style=\"margin: 0.0px 0.0px 0.0px 0.0px; font: 16.0px Helvetica\"><span style=\"letter-spacing: 0.0px\">V liste Efezsk&yacute;m kres\u0165anom Pavol nap&iacute;sal: &ldquo;<i> On &#8211; toti\u017e Kristus -vyvolil jedn&yacute;ch za apo&scaron;tolov, in&yacute;ch za prorokov, in&yacute;ch za evanjelistov a in&yacute;ch za pastierov a u\u010dite\u013eov&rdquo;. <\/i><b>Ke\u010f spom&iacute;name na prv&eacute; Letnice<\/b>, oby\u010dajne mysl&iacute;me len na t&yacute;ch 12-tich apo&scaron;tolov.<\/span><\/p>\n<p style=\"margin: 0.0px 0.0px 0.0px 0.0px; font: 16.0px Helvetica\"><span style=\"letter-spacing: 0.0px\">V skuto\u010dnosti k Je\u017ei&scaron;ov&yacute;m \u017eiakom patrili <b>aj mnoh&iacute; \u010fal&scaron;&iacute; mu\u017ei i \u017eeny.<\/b> Ich slu\u017eba bola in&aacute; ako slu\u017eba apo&scaron;tolov, ale bola pre cirkev P&aacute;novu v tomto svete tie\u017e d&ocirc;le\u017eit&aacute;. Pritom napr. J&aacute;n bol s&uacute;\u010dasne apo&scaron;tol aj evanjelista. <b>V&scaron;etci apo&scaron;tolovia si po\u010d&iacute;nali ako pastieri a u\u010ditelia.<\/b> T&yacute;ch, ktor&yacute;ch priviedli ku Kristu, t&yacute;ch aj vyu\u010dovali a poskytovali im \u010fal&scaron;&iacute; duchovn&yacute; pokrm a tak zabezpe\u010dovali ich rast vo viere.<\/span><\/p>\n<p style=\"margin: 0.0px 0.0px 0.0px 0.0px; font: 16.0px Helvetica; min-height: 19.0px\"><span style=\"letter-spacing: 0.0px\">&nbsp;&nbsp; &nbsp; &nbsp;<\/span><\/p>\n<p style=\"margin: 0.0px 0.0px 0.0px 0.0px; font: 16.0px Helvetica\"><span style=\"letter-spacing: 0.0px\">Toto poverenie pre&scaron;lo na ich \u017eiakov a pokra\u010duje v cirkvi vlastne st&aacute;le. Aj dnes spravidla mysl&iacute;me na <b>&uacute;rad v cirkvi<\/b> len u t&yacute;ch, ktor&yacute;ch menujeme far&aacute;rmi, alebo biskupmi. Ale cirkev P&aacute;nova mala, m&aacute; a bude v\u017edy potrebova\u0165 slu\u017ebu nielen &uacute;zko &scaron;pecializovan&uacute;, ale aj &scaron;ir&scaron;iu. Ka\u017ed&yacute; pokrsten&yacute; \u010dlovek sa m&aacute; v cirkvi pova\u017eova\u0165 za povolan&eacute;ho pripravova\u0165 sa na <i>&ldquo;dielo slu\u017eby<\/i>&rdquo;, o ktorom Pavol hovor&iacute;, \u017ee to zna\u010d&iacute;: &ldquo;<i>budova\u0165 telo Kristovo&rdquo;. <\/i>T&yacute;m telom sa mysl&iacute; cirkev Je\u017ei&scaron;a Krista. Tak, ako napr. \u013eudsk&eacute; telo m&aacute; mnoho r&ocirc;znych \u010dast&iacute; a iba vtedy, ak s&uacute; v&scaron;etky \u010dasti \u017eiv&eacute;, zdrav&eacute; a funk\u010dn&eacute;, m&ocirc;\u017ee plni\u0165 plnohodnote \u017eivotn&eacute; poslanie a &uacute;lohu.<b> Tak je to aj s cirkvou ako telom Kristov&yacute;m: potrebuje, aby v&scaron;etky &uacute;dy boli zdrav&eacute;, neporu&scaron;en&eacute; a plnili svoju &uacute;lohu.<\/b><\/span><\/p>\n<p style=\"margin: 0.0px 0.0px 0.0px 0.0px; font: 16.0px Helvetica; min-height: 19.0px\"><span style=\"letter-spacing: 0.0px\">&nbsp;&nbsp; &nbsp; &nbsp;<\/span><\/p>\n<p style=\"margin: 0.0px 0.0px 0.0px 0.0px; font: 16.0px Helvetica\"><span style=\"letter-spacing: 0.0px\">-Ned&aacute;vno som sledoval vo vinici \u010dloveka, ktor&yacute; sa pohybolval na voz&iacute;\u010dku. Prech&aacute;dzal pomedzi rady vini\u010da a vylamoval nadbyto\u010dn&eacute; ratolesti. Koles&aacute; voz&iacute;\u010dka kr&uacute;til rukami. Ke\u010f som sa pozrel lep&scaron;ie, uvidel som, \u017ee ten \u010dlovek nem&aacute; nohy. Dozvedel som sa, \u017ee bol \u017eelezni\u010diar, utrpel &uacute;raz, pri ktorom mu vlak odrezal obe nohy. \u017dije, v&scaron;eli\u010do dok&aacute;\u017ee urobi\u0165, aj sa pohybuje, ale iba v obmedzenom rozsahu.<\/span><\/p>\n<p style=\"margin: 0.0px 0.0px 0.0px 0.0px; font: 16.0px Helvetica; min-height: 19.0px\"><span style=\"letter-spacing: 0.0px\">&nbsp; &nbsp;<\/span><\/p>\n<p style=\"margin: 0.0px 0.0px 0.0px 0.0px; font: 16.0px Helvetica\"><span style=\"letter-spacing: 0.0px\">Aj cirkev Kristova ma\u0165 m&aacute; \u010d&iacute;m viacer&yacute;ch slu\u017eobn&iacute;kov a pracovn&iacute;kov. Za tak&yacute;ch by sa mali pova\u017eova\u0165 v&scaron;etci dospel&iacute; kres\u0165ania. Ak tak kres\u0165ania nezm&yacute;&scaron;\u013eaj&uacute; a nekonaj&uacute;, potom niektor&eacute; &uacute;dy na tele ch&yacute;baj&uacute; &#8211; raz ruka, inokedy noha, oko, ucho, \u010das\u0165 \u017eal&uacute;dka, \u010di in&eacute;ho org&aacute;nu. <b>Cirkev s&iacute;ce m&ocirc;\u017ee \u017ei\u0165, ale bude to<\/b> &#8211; <b>cirkev invalid. <\/b>\u017dije a h&yacute;be sa, ale v obmedzenom re\u017eime a priestore.<\/span><\/p>\n<p style=\"margin: 0.0px 0.0px 0.0px 0.0px; font: 16.0px Helvetica; min-height: 19.0px\"><span style=\"letter-spacing: 0.0px\">&nbsp; &nbsp; &nbsp; &nbsp; &nbsp;<\/span><\/p>\n<p style=\"margin: 0.0px 0.0px 0.0px 0.0px; font: 16.0px Helvetica\"><span style=\"letter-spacing: 0.0px\">&nbsp;&nbsp; &nbsp; Bratia a sestry!&nbsp;<\/span><\/p>\n<p style=\"margin: 0.0px 0.0px 0.0px 0.0px; font: 16.0px Helvetica\"><span style=\"letter-spacing: 0.0px\">&nbsp;&nbsp; &nbsp; Aj vtedy, ke\u010f &uacute;dy cirkvi \u017eij&uacute; a sl&uacute;\u017eia si navz&aacute;jom, sme v&scaron;etci, viac \u010di menej ako Pavol &#8211; nedoch&ocirc;d\u010dat&aacute;. Nie na n&aacute;s na prvom mieste z&aacute;le\u017e&iacute; \u017eivot, rast a existencia cirkvi.<\/span><\/p>\n<p style=\"margin: 0.0px 0.0px 0.0px 0.0px; font: 16.0px Helvetica\"><span style=\"letter-spacing: 0.0px\">&nbsp;&#8211; Raz sedel M. Luther s F. Melanchtonom v neform&aacute;lnom rozhovore o \u017eivote a probl&eacute;moch mladej reformovanej cirkvi. V&scaron;eli\u010do ich tr&aacute;pilo. Zrazu Luther povedal: Vid&iacute;&scaron;, Filip, my tu sed&iacute;me, pijeme pivo a cirkev P&aacute;n udr\u017euje a riadi aj bez n&aacute;s! To povedal Luther o sebe a Melanchtonovi, ktor&iacute; neprest&aacute;vali v cirkvi sl&uacute;\u017ei\u0165, p&iacute;sa\u0165, k&aacute;za\u0165, vyu\u010dova\u0165 a z&aacute;pasi\u0165.<\/span><\/p>\n<p style=\"margin: 0.0px 0.0px 0.0px 0.0px; font: 16.0px Helvetica; min-height: 19.0px\">&nbsp;<\/p>\n<p style=\"margin: 0.0px 0.0px 0.0px 0.0px; font: 16.0px Helvetica\"><span style=\"letter-spacing: 0.0px\">&nbsp;&nbsp; &nbsp; &nbsp; Bratia a sestry v P&aacute;novi !&nbsp;<\/span><\/p>\n<p style=\"margin: 0.0px 0.0px 0.0px 0.0px; font: 16.0px Helvetica\"><span style=\"letter-spacing: 0.0px\">&nbsp;&nbsp; &nbsp; Aj ke\u010f je pravda, \u017ee cirkev je Kristova, On je jej Hlavou a vznikla a je udr\u017eiavan&aacute; mocou Ducha Sv&auml;t&eacute;ho a iste m&ocirc;\u017ee \u017ei\u0165 a by\u0165 aj bez n&aacute;s, neznamen&aacute; to, \u017ee by sme sa mali zo v&scaron;etkej slu\u017eby vyhovori\u0165, &nbsp; cirkev opusti\u0165 a pr&iacute;padne iba sedie\u0165 pri pive&#8230;Ide o to, aby sme vedeli, kto je jej P&aacute;nom a Jemu sl&uacute;\u017eili verne a zodpodvedne.&nbsp;<\/span><\/p>\n<p style=\"margin: 0.0px 0.0px 0.0px 0.0px; font: 16.0px Helvetica\"><span style=\"letter-spacing: 0.0px\">&nbsp; &nbsp; <b>By\u0165 u\u010dite\u013eom a pastierom na&scaron;ich mal&yacute;ch ove\u010diek, alebo dorastaj&uacute;cich ove\u010diek m&ocirc;\u017ee a m&aacute; by\u0165 ka\u017ed&yacute; otec a matka!<\/b> <b>Ke\u010f im budete slovo evanjelia zvestova\u0165 a vyu\u010dova\u0165 ich, budete tak sl&uacute;\u017ei\u0165 nielen svoj&iacute;m najbli\u017e&scaron;&iacute;m, ale aj celej cirkvi!<\/b><\/span><\/p>\n<p style=\"margin: 0.0px 0.0px 0.0px 0.0px; font: 16.0px Helvetica; min-height: 19.0px\">&nbsp;<\/p>\n<p style=\"margin: 0.0px 0.0px 0.0px 0.0px; font: 16.0px Helvetica; min-height: 19.0px\"><span style=\"letter-spacing: 0.0px\">&nbsp;&nbsp; &nbsp; &nbsp;<\/span><\/p>\n<p style=\"margin: 0.0px 0.0px 0.0px 0.0px; font: 16.0px Helvetica\"><span style=\"letter-spacing: 0.0px\">&nbsp;&nbsp; &nbsp; 2. To, \u010do je d&ocirc;le\u017eit&eacute; pri vyu\u010dovan&iacute; a duchovom s&yacute;ten&iacute;, pri <i>&ldquo;voden&iacute; na zelen&eacute; pastvy slova Bo\u017eieho&rdquo; <\/i>&#8211; je aj vernos\u0165 Bo\u017eiemu slovu.<\/span><\/p>\n<p style=\"margin: 0.0px 0.0px 0.0px 0.0px; font: 16.0px Helvetica\"><span style=\"letter-spacing: 0.0px\">Pr&aacute;ve vedomie o na&scaron;om vlastnom nedokonalom poznan&iacute;, vedomie a&nbsp; priznanie si toho, \u017ee mnoho z nau\u010den&eacute;ho sme mo\u017eno u\u017e zabudli a nie v\u017edy stoj&iacute;me o<b> DUCHA RADCU,<\/b>&nbsp; to spolu vedie k tomu, ako \u013eahko m&ocirc;\u017eeme deformnova\u0165, alebo skreslova\u0165 Bo\u017eie slovo a evanjelium.<\/span><\/p>\n<p style=\"margin: 0.0px 0.0px 0.0px 0.0px; font: 16.0px Helvetica; min-height: 19.0px\"><span style=\"letter-spacing: 0.0px\">&nbsp; &nbsp; &nbsp;<\/span><\/p>\n<p style=\"margin: 0.0px 0.0px 0.0px 0.0px; font: 16.0px Helvetica\"><span style=\"letter-spacing: 0.0px\"><b>Naj\u010dastej&scaron;ie kres\u0165ania zlyh&aacute;vaj&uacute; v tom, \u017ee nerozli&scaron;uj&uacute; medzi z&aacute;konom Bo\u017e&iacute;m a evanjeliom, <\/b>alebo dokonca zamie\u0148aj&uacute; jedno za druh&eacute;. Iste\u017ee je oboje z&aacute;kon i evanjelium slovom Bo\u017e&iacute;m, ale ka\u017ed&eacute; to slovo m&aacute; in&uacute; &uacute;lohu a poslanie. Ka\u017ed&eacute; tak&eacute; zamie\u0148anie je oslaben&iacute;m cirkvi. To sa deje neraz aj v na&scaron;ej evanjelickej cirkvi, priamo vo vn&uacute;tri, v na&scaron;om vlastnom dome. Luther pred t&yacute;m v&scaron;etk&yacute;ch u\u010dite\u013eov a pastierov v&aacute;\u017ene varoval.<\/span><\/p>\n<p style=\"margin: 0.0px 0.0px 0.0px 0.0px; font: 16.0px Helvetica\"><span style=\"letter-spacing: 0.0px\">&nbsp;&nbsp; Druh&yacute;m nebezpe\u010denstvom je<b> mo\u017enos\u0165 pr&iacute;chodu zjavn&yacute;ch bludov,<\/b> ktor&eacute; s&uacute; v cirkvi neraz dlhodobo zakorenen&eacute;. Objavuj&uacute; sa s&iacute;ce v\u017edy v trochu inovovanej podobe, ale s&uacute; rovnakej podstaty. Poznala ich u\u017e prvotn&aacute; cirkev a bojovala proti nim, lebo vedela o ich zhubnej podstate.Tak&yacute;m bol a zost&aacute;va podnes napr. blud pelagianov a mnoho in&yacute;ch&#8230;<\/span><\/p>\n<p style=\"margin: 0.0px 0.0px 0.0px 0.0px; font: 16.0px Helvetica; min-height: 19.0px\"><span style=\"letter-spacing: 0.0px\">&nbsp; &nbsp; &nbsp;<\/span><\/p>\n<p style=\"margin: 0.0px 0.0px 0.0px 0.0px; font: 16.0px Helvetica\"><span style=\"letter-spacing: 0.0px\">Dnes prosme preto za na&scaron;u evanjelick&uacute; cirkev, aby si v&aacute;\u017eila slu\u017ebu apo&scaron;tolov, evanjelistov, pastierov a duchovn&yacute;ch u\u010dite\u013eov, a aby ju konali \u010d&iacute;m viacer&iacute;.<b> T&iacute;, ktor&iacute; s&uacute; na to ustanoven&iacute; v cirkevn&yacute;ch zboroch i t&iacute; v rodin&aacute;ch, ako v&scaron;eobecn&eacute; k\u0148azstvo P&aacute;na Je\u017ei&scaron;a.&nbsp;<\/b><\/span><\/p>\n<p style=\"margin: 0.0px 0.0px 0.0px 0.0px; font: 16.0px Helvetica\"><span style=\"letter-spacing: 0.0px\">Aby sme boli ochotn&iacute; a vn&iacute;mav&iacute; po\u010d&uacute;va\u0165 evanjelium Kristovo a&nbsp; s&uacute;\u010dasne dok&aacute;zali aj<b> &ldquo;rozli&scaron;ova\u0165 duchov&rdquo;.<\/b> Tj. duchovn&yacute;ch u\u010dite\u013eov, \u010di s&uacute; vodcovia, alebo iba zvodcovia. \u010ci s&uacute; pastieri, alebo iba n&aacute;jomn&iacute;ci, alebo dokonca zlodeji, preliezaj&uacute;ci ohrady in&yacute;ch ov\u010d&iacute;ncov, aby kradli a hubili dom&aacute;ce st&aacute;do. <b>Dary Ducha Sv&auml;t&eacute;ho<\/b> s&uacute; iste pon&uacute;knut&eacute; i n&aacute;m a my smieme z nich \u017ei\u0165 a v ich moci sl&uacute;\u017ei\u0165 si navz&aacute;jom, aby sa<i> &ldquo;telo Kristovo&rdquo;,<\/i> Jeho cirkev aj u n&aacute;s, v na&scaron;ej ECAV budovalo v l&aacute;ske. Amen.<\/span><\/p>\n<p style=\"margin: 0.0px 0.0px 0.0px 0.0px; font: 16.0px Helvetica; min-height: 19.0px\">&nbsp;<\/p>\n<p style=\"margin: 0.0px 0.0px 0.0px 0.0px; font: 12.0px Helvetica\"><span style=\"font: 16.0px Helvetica; letter-spacing: 0.0px\">&nbsp; &nbsp; &nbsp; &nbsp; &nbsp; &nbsp; &nbsp; &nbsp; &nbsp; &nbsp; &nbsp; &nbsp; &nbsp; &nbsp; &nbsp; &nbsp; &nbsp; &nbsp; &nbsp; &nbsp; &nbsp; &nbsp; &nbsp;&nbsp;<\/span><span style=\"letter-spacing: 0.0px\">2.sl&aacute;vnos\u0165 sv&auml;todu&scaron;n&aacute; &#8211; Soboti&scaron;te 2012 &#8211; \u013d.Batka st.<\/span><\/p>\n<div><span style=\"letter-spacing: 0.0px\"><br \/>\n<\/span><\/div>\n","protected":false},"excerpt":{"rendered":"<p>&nbsp;&nbsp; &nbsp; &nbsp; &nbsp; &nbsp; &nbsp; &nbsp; &nbsp; &nbsp; &nbsp; &nbsp; &nbsp; &nbsp; &nbsp; &nbsp; &nbsp; &nbsp; &nbsp; &nbsp; &nbsp; &nbsp; &nbsp; &nbsp; &nbsp; &nbsp; &nbsp; &nbsp; &nbsp; Cirkev &#8211; invalid ? Ef 4, 11- 16: &nbsp; &ldquo;A On ustanovil jedn&yacute;ch za apo&scaron;tolov, in&yacute;ch za prorokov, zase in&yacute;ch za evanjelistov a in&yacute;ch za pastierov a &#8230; <a title=\"Cirkev &#8211; invalid?\" class=\"read-more\" href=\"https:\/\/www.e-anjelik.sk\/index.php\/2012\/06\/19\/cirkev-invalid\/\" aria-label=\"Pre\u010d\u00edtajte si viac o Cirkev &#8211; invalid?\">\u010c\u00edta\u0165 viac<\/a><\/p>\n","protected":false},"author":4,"featured_media":0,"comment_status":"open","ping_status":"open","sticky":false,"template":"","format":"standard","meta":{"footnotes":""},"categories":[121,95,108],"tags":[192],"class_list":["post-4449","post","type-post","status-publish","format-standard","hentry","category-kazne","category-sobotiste","category-svatodusne-sviatky","tag-kazen"],"_links":{"self":[{"href":"https:\/\/www.e-anjelik.sk\/index.php\/wp-json\/wp\/v2\/posts\/4449","targetHints":{"allow":["GET"]}}],"collection":[{"href":"https:\/\/www.e-anjelik.sk\/index.php\/wp-json\/wp\/v2\/posts"}],"about":[{"href":"https:\/\/www.e-anjelik.sk\/index.php\/wp-json\/wp\/v2\/types\/post"}],"author":[{"embeddable":true,"href":"https:\/\/www.e-anjelik.sk\/index.php\/wp-json\/wp\/v2\/users\/4"}],"replies":[{"embeddable":true,"href":"https:\/\/www.e-anjelik.sk\/index.php\/wp-json\/wp\/v2\/comments?post=4449"}],"version-history":[{"count":0,"href":"https:\/\/www.e-anjelik.sk\/index.php\/wp-json\/wp\/v2\/posts\/4449\/revisions"}],"wp:attachment":[{"href":"https:\/\/www.e-anjelik.sk\/index.php\/wp-json\/wp\/v2\/media?parent=4449"}],"wp:term":[{"taxonomy":"category","embeddable":true,"href":"https:\/\/www.e-anjelik.sk\/index.php\/wp-json\/wp\/v2\/categories?post=4449"},{"taxonomy":"post_tag","embeddable":true,"href":"https:\/\/www.e-anjelik.sk\/index.php\/wp-json\/wp\/v2\/tags?post=4449"}],"curies":[{"name":"wp","href":"https:\/\/api.w.org\/{rel}","templated":true}]}}