{"id":4453,"date":"2012-06-19T07:42:05","date_gmt":"2012-06-19T07:42:05","guid":{"rendered":"http:\/\/e-anjelik.sk\/?p=4453"},"modified":"2012-06-19T07:42:05","modified_gmt":"2012-06-19T07:42:05","slug":"dni-d-bonhoeffera-v-stetinepolsko","status":"publish","type":"post","link":"https:\/\/www.e-anjelik.sk\/index.php\/2012\/06\/19\/dni-d-bonhoeffera-v-stetinepolsko\/","title":{"rendered":"Dni D. Bonhoeffera v \u0160tet\u00edne,Po\u013esko"},"content":{"rendered":"<p>Tohoro\u010dn&eacute; dni D.Bonhoeffera v &Scaron;tet&iacute;ne mali sl&aacute;vnostn&yacute; charakter. Za\u010dali sa 8. j&uacute;na ekumenick&yacute;mi po\u013esko-nemeck&yacute;mi bohoslu\u017ebami v ev. kostole sv. Trojice v &Scaron;tet&iacute;ne. V sobotu r&aacute;no skupina oliakov a Nemcov odi&scaron;la do miestnej \u010dasti Stet&iacute;n-Zdr&oacute;j, kde v r. 1935-37 pastor Bonhoeffer viedol kazate\u013esk&yacute; semin&aacute;r v r&aacute;mci Vyzn&aacute;va\u010dskej cirkvi, ako odporkyne nacizmu.Tu sa konala ekumenick&aacute; bohoslu\u017eba.Po nej ofici&aacute;lne otvorili &quot;Z&aacute;hradu ticha a medit&aacute;cie D.Boenhoffera&quot;. V z&aacute;hrade zasadili strom, je tam aj such&yacute; strom -symbol zaniknut&eacute;ho semin&aacute;ra a in&eacute; symboly: kamenn&yacute; st&ocirc;l, zelen&yacute; kr&iacute;\u017e, cit&aacute;ty v nem\u010dine, po\u013e&scaron;tine a angli\u010dtine od D.Bonhoeffera. Osadili aj pam&auml;tn&uacute; dosku. V nede\u013eu boli v chr&aacute;me evanjelick&eacute; dvojjazy\u010dn&eacute; bohoslu\u017eby, popoludn&iacute; ekumenick&eacute; a koncert. Na sl&aacute;vnosti pri&scaron;la aj 50 \u010dlenn&aacute; skupina priaznivcov D. Bonhoeffera z Holandska.<\/p>\n<p>(<a href=\"http:\/\/www.luteranie.pl\">www.luteranie.pl<\/a>)<\/p>\n","protected":false},"excerpt":{"rendered":"<p>Tohoro\u010dn&eacute; dni D.Bonhoeffera v &Scaron;tet&iacute;ne mali sl&aacute;vnostn&yacute; charakter. Za\u010dali sa 8. j&uacute;na ekumenick&yacute;mi po\u013esko-nemeck&yacute;mi bohoslu\u017ebami v ev. kostole sv. Trojice v &Scaron;tet&iacute;ne. V sobotu r&aacute;no skupina oliakov a Nemcov odi&scaron;la do miestnej \u010dasti Stet&iacute;n-Zdr&oacute;j, kde v r. 1935-37 pastor Bonhoeffer viedol kazate\u013esk&yacute; semin&aacute;r v r&aacute;mci Vyzn&aacute;va\u010dskej cirkvi, ako odporkyne nacizmu.Tu sa konala ekumenick&aacute; bohoslu\u017eba.Po nej &#8230; <a title=\"Dni D. Bonhoeffera v \u0160tet\u00edne,Po\u013esko\" class=\"read-more\" href=\"https:\/\/www.e-anjelik.sk\/index.php\/2012\/06\/19\/dni-d-bonhoeffera-v-stetinepolsko\/\" aria-label=\"Pre\u010d\u00edtajte si viac o Dni D. Bonhoeffera v \u0160tet\u00edne,Po\u013esko\">\u010c\u00edta\u0165 viac<\/a><\/p>\n","protected":false},"author":22,"featured_media":0,"comment_status":"open","ping_status":"open","sticky":false,"template":"","format":"standard","meta":{"footnotes":""},"categories":[1],"tags":[234],"class_list":["post-4453","post","type-post","status-publish","format-standard","hentry","category-adventna-modlitba","tag-zdruzenia-a-skupiny"],"_links":{"self":[{"href":"https:\/\/www.e-anjelik.sk\/index.php\/wp-json\/wp\/v2\/posts\/4453","targetHints":{"allow":["GET"]}}],"collection":[{"href":"https:\/\/www.e-anjelik.sk\/index.php\/wp-json\/wp\/v2\/posts"}],"about":[{"href":"https:\/\/www.e-anjelik.sk\/index.php\/wp-json\/wp\/v2\/types\/post"}],"author":[{"embeddable":true,"href":"https:\/\/www.e-anjelik.sk\/index.php\/wp-json\/wp\/v2\/users\/22"}],"replies":[{"embeddable":true,"href":"https:\/\/www.e-anjelik.sk\/index.php\/wp-json\/wp\/v2\/comments?post=4453"}],"version-history":[{"count":0,"href":"https:\/\/www.e-anjelik.sk\/index.php\/wp-json\/wp\/v2\/posts\/4453\/revisions"}],"wp:attachment":[{"href":"https:\/\/www.e-anjelik.sk\/index.php\/wp-json\/wp\/v2\/media?parent=4453"}],"wp:term":[{"taxonomy":"category","embeddable":true,"href":"https:\/\/www.e-anjelik.sk\/index.php\/wp-json\/wp\/v2\/categories?post=4453"},{"taxonomy":"post_tag","embeddable":true,"href":"https:\/\/www.e-anjelik.sk\/index.php\/wp-json\/wp\/v2\/tags?post=4453"}],"curies":[{"name":"wp","href":"https:\/\/api.w.org\/{rel}","templated":true}]}}