{"id":4456,"date":"2012-06-20T11:02:00","date_gmt":"2012-06-20T11:02:00","guid":{"rendered":"http:\/\/e-anjelik.sk\/?p=4456"},"modified":"2012-06-20T11:02:00","modified_gmt":"2012-06-20T11:02:00","slug":"politici-v-rige-nechcu-lut-cirkvi-vratit-chram-sv-petra","status":"publish","type":"post","link":"https:\/\/www.e-anjelik.sk\/index.php\/2012\/06\/20\/politici-v-rige-nechcu-lut-cirkvi-vratit-chram-sv-petra\/","title":{"rendered":"Politici v Rige nechc\u00fa lut. cirkvi vr\u00e1ti\u0165 chr\u00e1m sv. Petra"},"content":{"rendered":"<p>Politick&eacute; zdru\u017eenie &quot;Centrum s&uacute;hlasu&quot; op&auml;tovne dalo na pretras ri\u017esk&eacute;mu parlamentu ot&aacute;zku vr&aacute;tenia do vlastn&iacute;ctva lut. cirkvi katedr&aacute;ly sv.Petra. Chr&aacute;m doteraz nie je vo vlastn&iacute;ctve cirkvi, ale spravuje ho spolo\u010dnos\u0165 RIGAS&nbsp;NAMI a chr&aacute;m sl&uacute;\u017ei vlastne ako kult&uacute;rny objekt pre koncerty, v&yacute;stavy, predn&aacute;&scaron;ky.V chr&aacute;me funguje tie\u017e cirkevn&yacute; zbor, ktor&yacute; organizuje nede\u013en&eacute; bohoslu\u017eby a in&eacute; cirkevn&eacute; &uacute;kony.Politici v&scaron;ak cirkvi vyt&yacute;kaj&uacute;, \u017ee sa nepodie\u013ea na financovan&iacute; &uacute;dr\u017eby a r&eacute;\u017eijn&yacute;ch n&aacute;kladov.<\/p>\n<p>(<a href=\"http:\/\/www.baznica.info\">www.baznica.info<\/a>)<\/p>\n","protected":false},"excerpt":{"rendered":"<p>Politick&eacute; zdru\u017eenie &quot;Centrum s&uacute;hlasu&quot; op&auml;tovne dalo na pretras ri\u017esk&eacute;mu parlamentu ot&aacute;zku vr&aacute;tenia do vlastn&iacute;ctva lut. cirkvi katedr&aacute;ly sv.Petra. Chr&aacute;m doteraz nie je vo vlastn&iacute;ctve cirkvi, ale spravuje ho spolo\u010dnos\u0165 RIGAS&nbsp;NAMI a chr&aacute;m sl&uacute;\u017ei vlastne ako kult&uacute;rny objekt pre koncerty, v&yacute;stavy, predn&aacute;&scaron;ky.V chr&aacute;me funguje tie\u017e cirkevn&yacute; zbor, ktor&yacute; organizuje nede\u013en&eacute; bohoslu\u017eby a in&eacute; cirkevn&eacute; &uacute;kony.Politici v&scaron;ak &#8230; <a title=\"Politici v Rige nechc\u00fa lut. cirkvi vr\u00e1ti\u0165 chr\u00e1m sv. Petra\" class=\"read-more\" href=\"https:\/\/www.e-anjelik.sk\/index.php\/2012\/06\/20\/politici-v-rige-nechcu-lut-cirkvi-vratit-chram-sv-petra\/\" aria-label=\"Pre\u010d\u00edtajte si viac o Politici v Rige nechc\u00fa lut. cirkvi vr\u00e1ti\u0165 chr\u00e1m sv. Petra\">\u010c\u00edta\u0165 viac<\/a><\/p>\n","protected":false},"author":22,"featured_media":0,"comment_status":"open","ping_status":"open","sticky":false,"template":"","format":"standard","meta":{"footnotes":""},"categories":[20,10],"tags":[],"class_list":["post-4456","post","type-post","status-publish","format-standard","hentry","category-baltikum","category-zo-sveta"],"_links":{"self":[{"href":"https:\/\/www.e-anjelik.sk\/index.php\/wp-json\/wp\/v2\/posts\/4456","targetHints":{"allow":["GET"]}}],"collection":[{"href":"https:\/\/www.e-anjelik.sk\/index.php\/wp-json\/wp\/v2\/posts"}],"about":[{"href":"https:\/\/www.e-anjelik.sk\/index.php\/wp-json\/wp\/v2\/types\/post"}],"author":[{"embeddable":true,"href":"https:\/\/www.e-anjelik.sk\/index.php\/wp-json\/wp\/v2\/users\/22"}],"replies":[{"embeddable":true,"href":"https:\/\/www.e-anjelik.sk\/index.php\/wp-json\/wp\/v2\/comments?post=4456"}],"version-history":[{"count":0,"href":"https:\/\/www.e-anjelik.sk\/index.php\/wp-json\/wp\/v2\/posts\/4456\/revisions"}],"wp:attachment":[{"href":"https:\/\/www.e-anjelik.sk\/index.php\/wp-json\/wp\/v2\/media?parent=4456"}],"wp:term":[{"taxonomy":"category","embeddable":true,"href":"https:\/\/www.e-anjelik.sk\/index.php\/wp-json\/wp\/v2\/categories?post=4456"},{"taxonomy":"post_tag","embeddable":true,"href":"https:\/\/www.e-anjelik.sk\/index.php\/wp-json\/wp\/v2\/tags?post=4456"}],"curies":[{"name":"wp","href":"https:\/\/api.w.org\/{rel}","templated":true}]}}