{"id":4466,"date":"2012-06-26T10:50:39","date_gmt":"2012-06-26T10:50:39","guid":{"rendered":"http:\/\/e-anjelik.sk\/?p=4466"},"modified":"2012-06-26T10:50:39","modified_gmt":"2012-06-26T10:50:39","slug":"jan-niedoba-opat-zvoleny-za-biskupa","status":"publish","type":"post","link":"https:\/\/www.e-anjelik.sk\/index.php\/2012\/06\/26\/jan-niedoba-opat-zvoleny-za-biskupa\/","title":{"rendered":"Jan Niedoba op\u00e4\u0165 zvolen\u00fd za biskupa"},"content":{"rendered":"<p>V&nbsp;Lutherovom stredisku v Byst\u0159ici nad Olzou sa 23. j&uacute;na 2012 zi&scaron;la synoda Luter&aacute;nskej evanjelickej cirkvi a.v. v \u010cR ,aby zvolila nov&uacute; Cirkevn&uacute; radu, vr&aacute;tane biskupa cirkvi. Pre tretie slu\u017eobn&eacute; obdobie &scaron;iestich rokov&nbsp;za biskupa bol op&auml;tovne zvolen&yacute; J&aacute;n Niedoba. Z 22 deleg&aacute;tov dostal 17 hlasov. Za \u010dlenov CR boli zvolen&iacute;:&quot; far&aacute;rka Zuzana Szpakov&aacute;, far&aacute;r Rafal Bukowiecki, biskup J. Niedoba a jeho z&aacute;stupca ,far&aacute;r Vieslav Szpak. \u010eal&scaron;&iacute; pracovn&iacute;ci v CR s&uacute;: kur&aacute;tor R.R&oacute;sz, Mgr. Ceslav Veit, Ing. Edward Jursa a&nbsp;Ing. Stanislaw Macura.<\/p>\n<p>LECAV v \u010cR vznikla schizmou- oddelen&iacute;m sa od Sliezskej cirkvi evanjelickej a.v. , zaregistrovan&aacute; bola v r. 1995.Dnes m&aacute; 18 a pol tis&iacute;ca \u010dlenov,&nbsp;5 cirkevn&yacute;ch zborov, 3 kazate\u013esk&eacute; stanice a 11 duchovn&yacute;ch.<\/p>\n<p>(<a href=\"http:\/\/www.martin-luther-bund.de\">www.martin-luther-bund.de<\/a>; <a href=\"http:\/\/www.lecav-praha.unas.cz\">www.lecav-praha.unas.cz<\/a>)<\/p>\n","protected":false},"excerpt":{"rendered":"<p>V&nbsp;Lutherovom stredisku v Byst\u0159ici nad Olzou sa 23. j&uacute;na 2012 zi&scaron;la synoda Luter&aacute;nskej evanjelickej cirkvi a.v. v \u010cR ,aby zvolila nov&uacute; Cirkevn&uacute; radu, vr&aacute;tane biskupa cirkvi. Pre tretie slu\u017eobn&eacute; obdobie &scaron;iestich rokov&nbsp;za biskupa bol op&auml;tovne zvolen&yacute; J&aacute;n Niedoba. Z 22 deleg&aacute;tov dostal 17 hlasov. Za \u010dlenov CR boli zvolen&iacute;:&quot; far&aacute;rka Zuzana Szpakov&aacute;, far&aacute;r Rafal Bukowiecki, &#8230; <a title=\"Jan Niedoba op\u00e4\u0165 zvolen\u00fd za biskupa\" class=\"read-more\" href=\"https:\/\/www.e-anjelik.sk\/index.php\/2012\/06\/26\/jan-niedoba-opat-zvoleny-za-biskupa\/\" aria-label=\"Pre\u010d\u00edtajte si viac o Jan Niedoba op\u00e4\u0165 zvolen\u00fd za biskupa\">\u010c\u00edta\u0165 viac<\/a><\/p>\n","protected":false},"author":22,"featured_media":0,"comment_status":"open","ping_status":"open","sticky":false,"template":"","format":"standard","meta":{"footnotes":""},"categories":[9,10],"tags":[],"class_list":["post-4466","post","type-post","status-publish","format-standard","hentry","category-europa","category-zo-sveta"],"_links":{"self":[{"href":"https:\/\/www.e-anjelik.sk\/index.php\/wp-json\/wp\/v2\/posts\/4466","targetHints":{"allow":["GET"]}}],"collection":[{"href":"https:\/\/www.e-anjelik.sk\/index.php\/wp-json\/wp\/v2\/posts"}],"about":[{"href":"https:\/\/www.e-anjelik.sk\/index.php\/wp-json\/wp\/v2\/types\/post"}],"author":[{"embeddable":true,"href":"https:\/\/www.e-anjelik.sk\/index.php\/wp-json\/wp\/v2\/users\/22"}],"replies":[{"embeddable":true,"href":"https:\/\/www.e-anjelik.sk\/index.php\/wp-json\/wp\/v2\/comments?post=4466"}],"version-history":[{"count":0,"href":"https:\/\/www.e-anjelik.sk\/index.php\/wp-json\/wp\/v2\/posts\/4466\/revisions"}],"wp:attachment":[{"href":"https:\/\/www.e-anjelik.sk\/index.php\/wp-json\/wp\/v2\/media?parent=4466"}],"wp:term":[{"taxonomy":"category","embeddable":true,"href":"https:\/\/www.e-anjelik.sk\/index.php\/wp-json\/wp\/v2\/categories?post=4466"},{"taxonomy":"post_tag","embeddable":true,"href":"https:\/\/www.e-anjelik.sk\/index.php\/wp-json\/wp\/v2\/tags?post=4466"}],"curies":[{"name":"wp","href":"https:\/\/api.w.org\/{rel}","templated":true}]}}