{"id":4467,"date":"2012-06-26T11:01:06","date_gmt":"2012-06-26T11:01:06","guid":{"rendered":"http:\/\/e-anjelik.sk\/?p=4467"},"modified":"2012-06-26T11:01:06","modified_gmt":"2012-06-26T11:01:06","slug":"medzinarodne-stretnutie-mladeze-v-curau-tanzania","status":"publish","type":"post","link":"https:\/\/www.e-anjelik.sk\/index.php\/2012\/06\/26\/medzinarodne-stretnutie-mladeze-v-curau-tanzania\/","title":{"rendered":"Medzin\u00e1rodn\u00e9 stretnutie ml\u00e1de\u017ee v Curau, Tanz\u00e1nia"},"content":{"rendered":"<p>Od 26. j&uacute;na do 6. j&uacute;la 2012 sa v Curau, Tanz&aacute;nia v tamoj&scaron;om stanovom t&aacute;bore stretne 25 \u010dlenn&aacute; ml&aacute;de\u017en&iacute;cka skupina z troch kraj&iacute;n: Tanz&aacute;nie, Nemecka a Loty&scaron;ska. Ml&aacute;de\u017e bude spolo\u010dne tr&aacute;vi\u0165 \u010das, vymie\u0148a\u0165 si sk&uacute;senosti v tvoriv&yacute;ch diel\u0148ach a spolo\u010dne budova\u0165 stud\u0148u. T&eacute;mou stretnutia je ochrana \u017eivotn&eacute;ho prostredia.Vyvrcholen&iacute;m bud&uacute; spolo\u010dn&eacute; slu\u017eby Bo\u017eie v kostole v Curau 1. j&uacute;la. Spolo\u010dn&yacute;m jazykom v kempe bude angli\u010dtina.<\/p>\n<p>(<a href=\"http:\/\/www.nordkirche.de\">www.nordkirche.de<\/a>)<\/p>\n","protected":false},"excerpt":{"rendered":"<p>Od 26. j&uacute;na do 6. j&uacute;la 2012 sa v Curau, Tanz&aacute;nia v tamoj&scaron;om stanovom t&aacute;bore stretne 25 \u010dlenn&aacute; ml&aacute;de\u017en&iacute;cka skupina z troch kraj&iacute;n: Tanz&aacute;nie, Nemecka a Loty&scaron;ska. Ml&aacute;de\u017e bude spolo\u010dne tr&aacute;vi\u0165 \u010das, vymie\u0148a\u0165 si sk&uacute;senosti v tvoriv&yacute;ch diel\u0148ach a spolo\u010dne budova\u0165 stud\u0148u. T&eacute;mou stretnutia je ochrana \u017eivotn&eacute;ho prostredia.Vyvrcholen&iacute;m bud&uacute; spolo\u010dn&eacute; slu\u017eby Bo\u017eie v kostole v &#8230; <a title=\"Medzin\u00e1rodn\u00e9 stretnutie ml\u00e1de\u017ee v Curau, Tanz\u00e1nia\" class=\"read-more\" href=\"https:\/\/www.e-anjelik.sk\/index.php\/2012\/06\/26\/medzinarodne-stretnutie-mladeze-v-curau-tanzania\/\" aria-label=\"Pre\u010d\u00edtajte si viac o Medzin\u00e1rodn\u00e9 stretnutie ml\u00e1de\u017ee v Curau, Tanz\u00e1nia\">\u010c\u00edta\u0165 viac<\/a><\/p>\n","protected":false},"author":22,"featured_media":0,"comment_status":"open","ping_status":"open","sticky":false,"template":"","format":"standard","meta":{"footnotes":""},"categories":[1],"tags":[187],"class_list":["post-4467","post","type-post","status-publish","format-standard","hentry","category-adventna-modlitba","tag-mladez-3"],"_links":{"self":[{"href":"https:\/\/www.e-anjelik.sk\/index.php\/wp-json\/wp\/v2\/posts\/4467","targetHints":{"allow":["GET"]}}],"collection":[{"href":"https:\/\/www.e-anjelik.sk\/index.php\/wp-json\/wp\/v2\/posts"}],"about":[{"href":"https:\/\/www.e-anjelik.sk\/index.php\/wp-json\/wp\/v2\/types\/post"}],"author":[{"embeddable":true,"href":"https:\/\/www.e-anjelik.sk\/index.php\/wp-json\/wp\/v2\/users\/22"}],"replies":[{"embeddable":true,"href":"https:\/\/www.e-anjelik.sk\/index.php\/wp-json\/wp\/v2\/comments?post=4467"}],"version-history":[{"count":0,"href":"https:\/\/www.e-anjelik.sk\/index.php\/wp-json\/wp\/v2\/posts\/4467\/revisions"}],"wp:attachment":[{"href":"https:\/\/www.e-anjelik.sk\/index.php\/wp-json\/wp\/v2\/media?parent=4467"}],"wp:term":[{"taxonomy":"category","embeddable":true,"href":"https:\/\/www.e-anjelik.sk\/index.php\/wp-json\/wp\/v2\/categories?post=4467"},{"taxonomy":"post_tag","embeddable":true,"href":"https:\/\/www.e-anjelik.sk\/index.php\/wp-json\/wp\/v2\/tags?post=4467"}],"curies":[{"name":"wp","href":"https:\/\/api.w.org\/{rel}","templated":true}]}}