{"id":4471,"date":"2012-06-27T13:04:09","date_gmt":"2012-06-27T13:04:09","guid":{"rendered":"http:\/\/e-anjelik.sk\/?p=4471"},"modified":"2012-06-27T13:04:09","modified_gmt":"2012-06-27T13:04:09","slug":"stretnutie-nemeckych-ev-zahranicnych-fararov-vo-wittenbergu","status":"publish","type":"post","link":"https:\/\/www.e-anjelik.sk\/index.php\/2012\/06\/27\/stretnutie-nemeckych-ev-zahranicnych-fararov-vo-wittenbergu\/","title":{"rendered":"Stretnutie nemeck\u00fdch ev. zahrani\u010dn\u00fdch far\u00e1rov vo Wittenbergu"},"content":{"rendered":"<p>Od 3. do 9. j&uacute;la 2012 sa vo Wittenbergu stretne okolo 100 far&aacute;rov EKD zo zahrani\u010dn&yacute;ch cirkevn&yacute;ch zborov. T&eacute;mou rokovania bude pr&iacute;prava osl&aacute;v 500. v&yacute;ro\u010dia reform&aacute;cie M.Luthera. Na &uacute;vod bud&uacute; slu\u017eby Bo\u017eie v Mestskom chr&aacute;me.Na podujat&iacute; o\u010dak&aacute;vaj&uacute; predsedky\u0148u synody EKD K.G. Eckardt a ministra kult&uacute;ry Sasko-Anhaltsko S.Dorgerloha. Na z&aacute;ver konferencie bud&uacute; bohoslu\u017eby Z&aacute;mockom chr&aacute;me so slu\u017ebou predsedu Rady EKD N. Schneidera.<\/p>\n<p>(<a href=\"http:\/\/www.ekd.de\">www.ekd.de<\/a>)<\/p>\n","protected":false},"excerpt":{"rendered":"<p>Od 3. do 9. j&uacute;la 2012 sa vo Wittenbergu stretne okolo 100 far&aacute;rov EKD zo zahrani\u010dn&yacute;ch cirkevn&yacute;ch zborov. T&eacute;mou rokovania bude pr&iacute;prava osl&aacute;v 500. v&yacute;ro\u010dia reform&aacute;cie M.Luthera. Na &uacute;vod bud&uacute; slu\u017eby Bo\u017eie v Mestskom chr&aacute;me.Na podujat&iacute; o\u010dak&aacute;vaj&uacute; predsedky\u0148u synody EKD K.G. Eckardt a ministra kult&uacute;ry Sasko-Anhaltsko S.Dorgerloha. Na z&aacute;ver konferencie bud&uacute; bohoslu\u017eby Z&aacute;mockom chr&aacute;me so &#8230; <a title=\"Stretnutie nemeck\u00fdch ev. zahrani\u010dn\u00fdch far\u00e1rov vo Wittenbergu\" class=\"read-more\" href=\"https:\/\/www.e-anjelik.sk\/index.php\/2012\/06\/27\/stretnutie-nemeckych-ev-zahranicnych-fararov-vo-wittenbergu\/\" aria-label=\"Pre\u010d\u00edtajte si viac o Stretnutie nemeck\u00fdch ev. zahrani\u010dn\u00fdch far\u00e1rov vo Wittenbergu\">\u010c\u00edta\u0165 viac<\/a><\/p>\n","protected":false},"author":22,"featured_media":0,"comment_status":"open","ping_status":"open","sticky":false,"template":"","format":"standard","meta":{"footnotes":""},"categories":[1],"tags":[234],"class_list":["post-4471","post","type-post","status-publish","format-standard","hentry","category-adventna-modlitba","tag-zdruzenia-a-skupiny"],"_links":{"self":[{"href":"https:\/\/www.e-anjelik.sk\/index.php\/wp-json\/wp\/v2\/posts\/4471","targetHints":{"allow":["GET"]}}],"collection":[{"href":"https:\/\/www.e-anjelik.sk\/index.php\/wp-json\/wp\/v2\/posts"}],"about":[{"href":"https:\/\/www.e-anjelik.sk\/index.php\/wp-json\/wp\/v2\/types\/post"}],"author":[{"embeddable":true,"href":"https:\/\/www.e-anjelik.sk\/index.php\/wp-json\/wp\/v2\/users\/22"}],"replies":[{"embeddable":true,"href":"https:\/\/www.e-anjelik.sk\/index.php\/wp-json\/wp\/v2\/comments?post=4471"}],"version-history":[{"count":0,"href":"https:\/\/www.e-anjelik.sk\/index.php\/wp-json\/wp\/v2\/posts\/4471\/revisions"}],"wp:attachment":[{"href":"https:\/\/www.e-anjelik.sk\/index.php\/wp-json\/wp\/v2\/media?parent=4471"}],"wp:term":[{"taxonomy":"category","embeddable":true,"href":"https:\/\/www.e-anjelik.sk\/index.php\/wp-json\/wp\/v2\/categories?post=4471"},{"taxonomy":"post_tag","embeddable":true,"href":"https:\/\/www.e-anjelik.sk\/index.php\/wp-json\/wp\/v2\/tags?post=4471"}],"curies":[{"name":"wp","href":"https:\/\/api.w.org\/{rel}","templated":true}]}}