{"id":4475,"date":"2012-06-28T19:02:01","date_gmt":"2012-06-28T19:02:01","guid":{"rendered":"http:\/\/e-anjelik.sk\/?p=4475"},"modified":"2012-06-28T19:02:01","modified_gmt":"2012-06-28T19:02:01","slug":"zlate-jubileum-elct","status":"publish","type":"post","link":"https:\/\/www.e-anjelik.sk\/index.php\/2012\/06\/28\/zlate-jubileum-elct\/","title":{"rendered":"Zlat\u00e9 jubileum ELCT"},"content":{"rendered":"<p>17. j&uacute;na t.r. sa v Evanjelicko-luter&aacute;nskej cirkvi Tanz&aacute;nie (ELCT) konali sl&aacute;vnostn&eacute; slu\u017eby Bo\u017eie, ktor&eacute; boli venovan&eacute; &scaron;tyrom veciam: 20 rokov od zriadenia diec&eacute;zy Meru, 50 rokov vzniku cirkvi &#8211; zlat&eacute; jubileum, inaugur&aacute;cia Mshikimano Vocation Training college a vyradenie absolventov tejto &scaron;koly, ktor&aacute; bola zriaden&aacute; 2. m&aacute;ja 1998. Sl&aacute;vnos\u0165 za\u010dala procesiou, potom miestny biskup prezentoval knihu o zlatom jubileu s n&aacute;zvom &quot; Celostn&eacute; evanjelium&quot;. N&aacute;sledne bol odhalen&yacute; pam&auml;tn&iacute;k zlat&eacute;ho jubilea cirkvi. Na sl&aacute;vnosti sa z&uacute;\u010dastnilo okolo 1000 veriacich a sl&aacute;vnos\u0165 trvala &scaron;tyri hodiny. Hodno pripomen&uacute;\u0165, \u017ee v roku zalo\u017eenia mala cirkev &nbsp;500 tis&iacute;c, r.2011 u\u017e 5 mili&oacute;nov 800 tis&iacute;c \u010dlenov.<\/p>\n<p>(<a href=\"http:\/\/www.elct.or.tz\">www.elct.or.tz<\/a>)<\/p>\n","protected":false},"excerpt":{"rendered":"<p>17. j&uacute;na t.r. sa v Evanjelicko-luter&aacute;nskej cirkvi Tanz&aacute;nie (ELCT) konali sl&aacute;vnostn&eacute; slu\u017eby Bo\u017eie, ktor&eacute; boli venovan&eacute; &scaron;tyrom veciam: 20 rokov od zriadenia diec&eacute;zy Meru, 50 rokov vzniku cirkvi &#8211; zlat&eacute; jubileum, inaugur&aacute;cia Mshikimano Vocation Training college a vyradenie absolventov tejto &scaron;koly, ktor&aacute; bola zriaden&aacute; 2. m&aacute;ja 1998. Sl&aacute;vnos\u0165 za\u010dala procesiou, potom miestny biskup prezentoval knihu &#8230; <a title=\"Zlat\u00e9 jubileum ELCT\" class=\"read-more\" href=\"https:\/\/www.e-anjelik.sk\/index.php\/2012\/06\/28\/zlate-jubileum-elct\/\" aria-label=\"Pre\u010d\u00edtajte si viac o Zlat\u00e9 jubileum ELCT\">\u010c\u00edta\u0165 viac<\/a><\/p>\n","protected":false},"author":22,"featured_media":0,"comment_status":"open","ping_status":"open","sticky":false,"template":"","format":"standard","meta":{"footnotes":""},"categories":[50,10],"tags":[],"class_list":["post-4475","post","type-post","status-publish","format-standard","hentry","category-afrika","category-zo-sveta"],"_links":{"self":[{"href":"https:\/\/www.e-anjelik.sk\/index.php\/wp-json\/wp\/v2\/posts\/4475","targetHints":{"allow":["GET"]}}],"collection":[{"href":"https:\/\/www.e-anjelik.sk\/index.php\/wp-json\/wp\/v2\/posts"}],"about":[{"href":"https:\/\/www.e-anjelik.sk\/index.php\/wp-json\/wp\/v2\/types\/post"}],"author":[{"embeddable":true,"href":"https:\/\/www.e-anjelik.sk\/index.php\/wp-json\/wp\/v2\/users\/22"}],"replies":[{"embeddable":true,"href":"https:\/\/www.e-anjelik.sk\/index.php\/wp-json\/wp\/v2\/comments?post=4475"}],"version-history":[{"count":0,"href":"https:\/\/www.e-anjelik.sk\/index.php\/wp-json\/wp\/v2\/posts\/4475\/revisions"}],"wp:attachment":[{"href":"https:\/\/www.e-anjelik.sk\/index.php\/wp-json\/wp\/v2\/media?parent=4475"}],"wp:term":[{"taxonomy":"category","embeddable":true,"href":"https:\/\/www.e-anjelik.sk\/index.php\/wp-json\/wp\/v2\/categories?post=4475"},{"taxonomy":"post_tag","embeddable":true,"href":"https:\/\/www.e-anjelik.sk\/index.php\/wp-json\/wp\/v2\/tags?post=4475"}],"curies":[{"name":"wp","href":"https:\/\/api.w.org\/{rel}","templated":true}]}}