{"id":4478,"date":"2012-06-29T06:41:22","date_gmt":"2012-06-29T06:41:22","guid":{"rendered":"http:\/\/e-anjelik.sk\/?p=4478"},"modified":"2012-06-29T06:41:22","modified_gmt":"2012-06-29T06:41:22","slug":"29-jun","status":"publish","type":"post","link":"https:\/\/www.e-anjelik.sk\/index.php\/2012\/06\/29\/29-jun\/","title":{"rendered":"29. J\u00daN"},"content":{"rendered":"<p>&nbsp;<span class=\"Apple-style-span\" style=\"font-family: Helvetica; font-size: 16px; line-height: normal; \">&nbsp; &nbsp; &nbsp; &nbsp; &nbsp; &nbsp; &nbsp; &nbsp; &nbsp; &nbsp; &nbsp; &nbsp; &nbsp; &nbsp; &nbsp; &nbsp; &nbsp; &nbsp; &nbsp; &nbsp; &nbsp; &nbsp; &nbsp; &nbsp; &nbsp; &nbsp; &nbsp; &nbsp; &nbsp;29. J&Uacute;N<\/span><\/p>\n<p style=\"margin: 0.0px 0.0px 0.0px 0.0px; font: 16.0px Helvetica; min-height: 19.0px\">&nbsp;<\/p>\n<p style=\"margin: 0.0px 0.0px 0.0px 0.0px; font: 16.0px Helvetica\"><span style=\"letter-spacing: 0.0px\">&nbsp; &nbsp; &nbsp; &nbsp; &nbsp; &nbsp; &nbsp; &nbsp; &nbsp; &nbsp; &nbsp; &nbsp; &nbsp; &nbsp; &nbsp; &nbsp; &nbsp; &nbsp; &nbsp; &nbsp; &nbsp; &nbsp;De\u0148 apo&scaron;tolov Petra&nbsp; a Pavla<\/span><\/p>\n<p style=\"margin: 0.0px 0.0px 0.0px 0.0px; font: 16.0px Helvetica; min-height: 19.0px\">&nbsp;<\/p>\n<p style=\"margin: 0.0px 0.0px 0.0px 0.0px; font: 16.0px Helvetica\">&nbsp;<\/p>\n<p style=\"margin: 0.0px 0.0px 0.0px 0.0px; font: 16.0px Helvetica\"><span style=\"letter-spacing: 0.0px\"><b><i>Je to vern&aacute; re\u010d a zasl&uacute;\u017ei si, aby ju v&scaron;etci prijali: Je\u017ei&scaron;&nbsp; Kristus pri&scaron;iel na svet, aby spasil hrie&scaron;nikov. Medzi nimi som ja prv&yacute;; ale pr&aacute;ve preto sa mi dostalo milosti, aby Je\u017ei&scaron; Kristus na mne prvom dok&aacute;zal v&scaron;etku svoju zhovievavos\u0165, aby to bolo pr&iacute;kladom pre t&yacute;ch, ktor&iacute; bud&uacute;&nbsp; veri\u0165 v Neho k \u017eivotu ve\u010dn&eacute;mu.<\/i><\/b><\/span><\/p>\n<p style=\"margin: 0.0px 0.0px 0.0px 0.0px; font: 16.0px Helvetica; min-height: 19.0px\">&nbsp;<\/p>\n<p style=\"margin: 0.0px 0.0px 0.0px 0.0px; font: 16.0px Helvetica\"><span style=\"letter-spacing: 0.0px\"><i>&nbsp; &nbsp; &nbsp; &nbsp; &nbsp; &nbsp; &nbsp; &nbsp; &nbsp; &nbsp; &nbsp; &nbsp; &nbsp; &nbsp; &nbsp; &nbsp; &nbsp; &nbsp; &nbsp; &nbsp; &nbsp; &nbsp; &nbsp; &nbsp; &nbsp; &nbsp; &nbsp; &nbsp; &nbsp; &nbsp; &nbsp; &nbsp; &nbsp; &nbsp; &nbsp; &nbsp; &nbsp; &nbsp; &nbsp; &nbsp; &nbsp; &nbsp; &nbsp; &nbsp; &nbsp; &nbsp; &nbsp; &nbsp; &nbsp; &nbsp; &nbsp; &nbsp; &nbsp; &nbsp; &nbsp; &nbsp; &nbsp; &nbsp; &nbsp; &nbsp; &nbsp; &nbsp; &nbsp; &nbsp; &nbsp; &nbsp; &nbsp; &nbsp; &nbsp; &nbsp; &nbsp;1 Timoteovi 1, 15 &#8211; 16<\/i><\/span><\/p>\n<p style=\"margin: 0.0px 0.0px 0.0px 0.0px; font: 16.0px Helvetica; min-height: 19.0px\">&nbsp;<\/p>\n<p style=\"margin: 0.0px 0.0px 0.0px 0.0px; font: 16.0px Helvetica\"><span style=\"letter-spacing: 0.0px\"><i>&nbsp;&nbsp; &nbsp; Moje srdce si st&aacute;le opakuje: R&aacute;d by som tomu v&scaron;etk&eacute;mu uveril, len keby som bol sv&auml;t&yacute; Peter alebo sv&auml;t&yacute; Pavel. Teda, my sa chceme v\u017edy uk&aacute;za\u0165 navonok&nbsp; so svojimi skutkami; nechceme by\u0165 v &uacute;lohe obdarovan&yacute;ch a vrav&iacute;me: Ver&iacute;m, \u017ee M&aacute;ria, sv&auml;t&yacute; Peter, alebo sv&auml;t&yacute; Pavel s&uacute; bratia Kristovi; ale ja som si to nezasl&uacute;\u017eil, ja nie som hodn&yacute; takejto cti. Toto s&uacute; v&scaron;ak \u010d&iacute;re bl&aacute;znovstv&aacute;. <\/i><b><i>Nepo\u010duje&scaron;, \u017ee je to dar?<\/i><\/b><\/span><\/p>\n<p style=\"margin: 0.0px 0.0px 0.0px 0.0px; font: 16.0px Helvetica\"><span style=\"letter-spacing: 0.0px\"><b><i>&nbsp; &nbsp; <\/i><\/b><i>&nbsp; Sv&auml;t&yacute; Peter je pr&aacute;ve tak &uacute;boh&yacute;m, na pomoc odk&aacute;zan&yacute;m hrie&scaron;nikom, ako ty. Tak hovor&iacute; teda slovo obom bez rozdielu, tebe aj sv&auml;t&eacute;mu Petrovi, \u017ee si Bo\u017eie die\u0165a a Boh je tvoj&iacute;m Otcom, \u017ee Boh ti u\u017e nechce by\u0165 hrozn&yacute;m, ani nepriate\u013esk&yacute;m. Sv&auml;t&eacute;ho Petra sa dot&yacute;ka tak&eacute;to slovo a prij&iacute;ma ho tie\u017e.<\/i><\/span><\/p>\n<p style=\"margin: 0.0px 0.0px 0.0px 0.0px; font: 16.0px Helvetica\"><span style=\"letter-spacing: 0.0px\"><i>&nbsp; &nbsp; &nbsp; Chce&scaron; by\u0165 ako sv&auml;t&yacute; Peter? Nu\u017e, chy\u0165 sa Bo\u017eieho slova podobne ako on. Mil&yacute; Pane Bo\u017ee, nejde tu predsa o to, aby sa viacej konalo, le\u017e o to, aby sme sa pon&uacute;kan&eacute;ho chytili a dr\u017eali, a nechali sa obdarova\u0165.<\/i><\/span><\/p>\n<p style=\"margin: 0.0px 0.0px 0.0px 0.0px; font: 16.0px Helvetica; min-height: 19.0px\">&nbsp;<\/p>\n<p style=\"margin: 0.0px 0.0px 0.0px 0.0px; font: 12.0px Helvetica\"><span style=\"font: 16.0px Helvetica; letter-spacing: 0.0px\"><i>&nbsp; &nbsp; &nbsp; &nbsp; &nbsp; &nbsp; &nbsp; &nbsp; <\/i><\/span><span style=\"letter-spacing: 0.0px\"><i>&nbsp; &nbsp; &nbsp; &nbsp; &nbsp; &nbsp; &nbsp; &nbsp; &nbsp; &nbsp; &nbsp; &nbsp; &nbsp; &nbsp; &nbsp; &nbsp; &nbsp; &nbsp; &nbsp; &nbsp; &nbsp; &nbsp; &nbsp; &nbsp; &nbsp; &nbsp; &nbsp;&nbsp;Martin Luther: Smerovn&iacute;k kres\u0165anskej cirkvi<\/i><\/span><\/p>\n","protected":false},"excerpt":{"rendered":"<p>&nbsp;&nbsp; &nbsp; &nbsp; &nbsp; &nbsp; &nbsp; &nbsp; &nbsp; &nbsp; &nbsp; &nbsp; &nbsp; &nbsp; &nbsp; &nbsp; &nbsp; &nbsp; &nbsp; &nbsp; &nbsp; &nbsp; &nbsp; &nbsp; &nbsp; &nbsp; &nbsp; &nbsp; &nbsp; &nbsp;29. J&Uacute;N &nbsp; &nbsp; &nbsp; &nbsp; &nbsp; &nbsp; &nbsp; &nbsp; &nbsp; &nbsp; &nbsp; &nbsp; &nbsp; &nbsp; &nbsp; &nbsp; &nbsp; &nbsp; &nbsp; &nbsp; &nbsp; &nbsp; &nbsp;De\u0148 apo&scaron;tolov Petra&nbsp; &#8230; <a title=\"29. J\u00daN\" class=\"read-more\" href=\"https:\/\/www.e-anjelik.sk\/index.php\/2012\/06\/29\/29-jun\/\" aria-label=\"Pre\u010d\u00edtajte si viac o 29. J\u00daN\">\u010c\u00edta\u0165 viac<\/a><\/p>\n","protected":false},"author":4,"featured_media":0,"comment_status":"open","ping_status":"open","sticky":false,"template":"","format":"standard","meta":{"footnotes":""},"categories":[1],"tags":[],"class_list":["post-4478","post","type-post","status-publish","format-standard","hentry","category-adventna-modlitba"],"_links":{"self":[{"href":"https:\/\/www.e-anjelik.sk\/index.php\/wp-json\/wp\/v2\/posts\/4478","targetHints":{"allow":["GET"]}}],"collection":[{"href":"https:\/\/www.e-anjelik.sk\/index.php\/wp-json\/wp\/v2\/posts"}],"about":[{"href":"https:\/\/www.e-anjelik.sk\/index.php\/wp-json\/wp\/v2\/types\/post"}],"author":[{"embeddable":true,"href":"https:\/\/www.e-anjelik.sk\/index.php\/wp-json\/wp\/v2\/users\/4"}],"replies":[{"embeddable":true,"href":"https:\/\/www.e-anjelik.sk\/index.php\/wp-json\/wp\/v2\/comments?post=4478"}],"version-history":[{"count":0,"href":"https:\/\/www.e-anjelik.sk\/index.php\/wp-json\/wp\/v2\/posts\/4478\/revisions"}],"wp:attachment":[{"href":"https:\/\/www.e-anjelik.sk\/index.php\/wp-json\/wp\/v2\/media?parent=4478"}],"wp:term":[{"taxonomy":"category","embeddable":true,"href":"https:\/\/www.e-anjelik.sk\/index.php\/wp-json\/wp\/v2\/categories?post=4478"},{"taxonomy":"post_tag","embeddable":true,"href":"https:\/\/www.e-anjelik.sk\/index.php\/wp-json\/wp\/v2\/tags?post=4478"}],"curies":[{"name":"wp","href":"https:\/\/api.w.org\/{rel}","templated":true}]}}