{"id":4514,"date":"2012-07-12T06:22:04","date_gmt":"2012-07-12T06:22:04","guid":{"rendered":"http:\/\/e-anjelik.sk\/?p=4514"},"modified":"2012-07-12T06:22:04","modified_gmt":"2012-07-12T06:22:04","slug":"stretnutie-ev-mladeze-madarska","status":"publish","type":"post","link":"https:\/\/www.e-anjelik.sk\/index.php\/2012\/07\/12\/stretnutie-ev-mladeze-madarska\/","title":{"rendered":"Stretnutie ev. ml\u00e1de\u017ee Ma\u010farska"},"content":{"rendered":"<p>&nbsp;18. a\u017e 22.j&uacute;la 2012 sa v meste Fony&oacute;d bude kona\u0165 9. celo&scaron;t&aacute;tne stretnutie evanjelickej ml&aacute;de\u017ee Veternica. Mottom stretnutia je &quot;Ponor sa !&quot; S&uacute; to slov&aacute; z Iz. 12.kapitoly, 3. ver&scaron;. Na programe s&uacute; &uacute;vahy pri Slove, rozbor t&eacute;my, predn&aacute;&scaron;ky, f&oacute;rum, divadlo, hudobn&eacute; programy, rozli\u010dn&eacute; &scaron;portov&eacute; z&aacute;polenia a s&uacute;\u0165a\u017ee. Mnoho priestoru je pre osobn&eacute; rozhovory, zdie\u013eania a spozn&aacute;vanie priate\u013eov. Bli\u017e&scaron;ie inform&aacute;cie na www. meritstalalkozo.hu .<\/p>\n<p>(www.evangelikus.hu)<\/p>\n","protected":false},"excerpt":{"rendered":"<p>&nbsp;18. a\u017e 22.j&uacute;la 2012 sa v meste Fony&oacute;d bude kona\u0165 9. celo&scaron;t&aacute;tne stretnutie evanjelickej ml&aacute;de\u017ee Veternica. Mottom stretnutia je &quot;Ponor sa !&quot; S&uacute; to slov&aacute; z Iz. 12.kapitoly, 3. ver&scaron;. Na programe s&uacute; &uacute;vahy pri Slove, rozbor t&eacute;my, predn&aacute;&scaron;ky, f&oacute;rum, divadlo, hudobn&eacute; programy, rozli\u010dn&eacute; &scaron;portov&eacute; z&aacute;polenia a s&uacute;\u0165a\u017ee. Mnoho priestoru je pre osobn&eacute; rozhovory, zdie\u013eania &#8230; <a title=\"Stretnutie ev. ml\u00e1de\u017ee Ma\u010farska\" class=\"read-more\" href=\"https:\/\/www.e-anjelik.sk\/index.php\/2012\/07\/12\/stretnutie-ev-mladeze-madarska\/\" aria-label=\"Pre\u010d\u00edtajte si viac o Stretnutie ev. ml\u00e1de\u017ee Ma\u010farska\">\u010c\u00edta\u0165 viac<\/a><\/p>\n","protected":false},"author":22,"featured_media":0,"comment_status":"open","ping_status":"open","sticky":false,"template":"","format":"standard","meta":{"footnotes":""},"categories":[1],"tags":[187],"class_list":["post-4514","post","type-post","status-publish","format-standard","hentry","category-adventna-modlitba","tag-mladez-3"],"_links":{"self":[{"href":"https:\/\/www.e-anjelik.sk\/index.php\/wp-json\/wp\/v2\/posts\/4514","targetHints":{"allow":["GET"]}}],"collection":[{"href":"https:\/\/www.e-anjelik.sk\/index.php\/wp-json\/wp\/v2\/posts"}],"about":[{"href":"https:\/\/www.e-anjelik.sk\/index.php\/wp-json\/wp\/v2\/types\/post"}],"author":[{"embeddable":true,"href":"https:\/\/www.e-anjelik.sk\/index.php\/wp-json\/wp\/v2\/users\/22"}],"replies":[{"embeddable":true,"href":"https:\/\/www.e-anjelik.sk\/index.php\/wp-json\/wp\/v2\/comments?post=4514"}],"version-history":[{"count":0,"href":"https:\/\/www.e-anjelik.sk\/index.php\/wp-json\/wp\/v2\/posts\/4514\/revisions"}],"wp:attachment":[{"href":"https:\/\/www.e-anjelik.sk\/index.php\/wp-json\/wp\/v2\/media?parent=4514"}],"wp:term":[{"taxonomy":"category","embeddable":true,"href":"https:\/\/www.e-anjelik.sk\/index.php\/wp-json\/wp\/v2\/categories?post=4514"},{"taxonomy":"post_tag","embeddable":true,"href":"https:\/\/www.e-anjelik.sk\/index.php\/wp-json\/wp\/v2\/tags?post=4514"}],"curies":[{"name":"wp","href":"https:\/\/api.w.org\/{rel}","templated":true}]}}