{"id":4516,"date":"2012-07-12T07:10:19","date_gmt":"2012-07-12T07:10:19","guid":{"rendered":"http:\/\/e-anjelik.sk\/?p=4516"},"modified":"2012-07-12T07:10:19","modified_gmt":"2012-07-12T07:10:19","slug":"prezident-slz-munib-a-younan-na-navsteve-etiopie","status":"publish","type":"post","link":"https:\/\/www.e-anjelik.sk\/index.php\/2012\/07\/12\/prezident-slz-munib-a-younan-na-navsteve-etiopie\/","title":{"rendered":"Prezident SLZ Munib  A.Younan na n\u00e1v\u0161teve Eti\u00f3pie"},"content":{"rendered":"<p>&nbsp;Prezident Svetov&eacute;ho luter&aacute;nskeho zv&auml;zu biskup Munib A. Younana so sprievodom \u010fal&scaron;&iacute;ch os&ocirc;b z africk&yacute;ch lut. gr&eacute;mi&iacute; nav&scaron;t&iacute;vil v d\u0148och 8. a\u017e 11. j&uacute;la 2012 Eti&oacute;psku Evanjelicko-luter&aacute;nsku cirkev Mekane Yesu (EECMY). Na programe s&uacute; rozhovory s predstavite\u013emi tejto cirkvi, obozn&aacute;menie sa s misijnou a soci&aacute;lnou pr&aacute;cou a projektami, n&aacute;v&scaron;teva teologick&eacute;ho semin&aacute;ra a pod. Younan bude ma\u0165 stretnutie aj s predstavite\u013emi pravosl&aacute;via, islamu a &scaron;t&aacute;tnej spr&aacute;vy. V nede\u013eu 10. j&uacute;la biskup Younan k&aacute;zal na SB v Addid Abebe na text Rim 1,11-12.<\/p>\n<p>(www.eecmy.org)<\/p>\n","protected":false},"excerpt":{"rendered":"<p>&nbsp;Prezident Svetov&eacute;ho luter&aacute;nskeho zv&auml;zu biskup Munib A. Younana so sprievodom \u010fal&scaron;&iacute;ch os&ocirc;b z africk&yacute;ch lut. gr&eacute;mi&iacute; nav&scaron;t&iacute;vil v d\u0148och 8. a\u017e 11. j&uacute;la 2012 Eti&oacute;psku Evanjelicko-luter&aacute;nsku cirkev Mekane Yesu (EECMY). Na programe s&uacute; rozhovory s predstavite\u013emi tejto cirkvi, obozn&aacute;menie sa s misijnou a soci&aacute;lnou pr&aacute;cou a projektami, n&aacute;v&scaron;teva teologick&eacute;ho semin&aacute;ra a pod. Younan bude ma\u0165 &#8230; <a title=\"Prezident SLZ Munib  A.Younan na n\u00e1v\u0161teve Eti\u00f3pie\" class=\"read-more\" href=\"https:\/\/www.e-anjelik.sk\/index.php\/2012\/07\/12\/prezident-slz-munib-a-younan-na-navsteve-etiopie\/\" aria-label=\"Pre\u010d\u00edtajte si viac o Prezident SLZ Munib  A.Younan na n\u00e1v\u0161teve Eti\u00f3pie\">\u010c\u00edta\u0165 viac<\/a><\/p>\n","protected":false},"author":22,"featured_media":0,"comment_status":"open","ping_status":"open","sticky":false,"template":"","format":"standard","meta":{"footnotes":""},"categories":[1],"tags":[234],"class_list":["post-4516","post","type-post","status-publish","format-standard","hentry","category-adventna-modlitba","tag-zdruzenia-a-skupiny"],"_links":{"self":[{"href":"https:\/\/www.e-anjelik.sk\/index.php\/wp-json\/wp\/v2\/posts\/4516","targetHints":{"allow":["GET"]}}],"collection":[{"href":"https:\/\/www.e-anjelik.sk\/index.php\/wp-json\/wp\/v2\/posts"}],"about":[{"href":"https:\/\/www.e-anjelik.sk\/index.php\/wp-json\/wp\/v2\/types\/post"}],"author":[{"embeddable":true,"href":"https:\/\/www.e-anjelik.sk\/index.php\/wp-json\/wp\/v2\/users\/22"}],"replies":[{"embeddable":true,"href":"https:\/\/www.e-anjelik.sk\/index.php\/wp-json\/wp\/v2\/comments?post=4516"}],"version-history":[{"count":0,"href":"https:\/\/www.e-anjelik.sk\/index.php\/wp-json\/wp\/v2\/posts\/4516\/revisions"}],"wp:attachment":[{"href":"https:\/\/www.e-anjelik.sk\/index.php\/wp-json\/wp\/v2\/media?parent=4516"}],"wp:term":[{"taxonomy":"category","embeddable":true,"href":"https:\/\/www.e-anjelik.sk\/index.php\/wp-json\/wp\/v2\/categories?post=4516"},{"taxonomy":"post_tag","embeddable":true,"href":"https:\/\/www.e-anjelik.sk\/index.php\/wp-json\/wp\/v2\/tags?post=4516"}],"curies":[{"name":"wp","href":"https:\/\/api.w.org\/{rel}","templated":true}]}}