{"id":4521,"date":"2012-07-13T06:34:01","date_gmt":"2012-07-13T06:34:01","guid":{"rendered":"http:\/\/e-anjelik.sk\/?p=4521"},"modified":"2012-07-13T06:34:01","modified_gmt":"2012-07-13T06:34:01","slug":"24-festival-cirkevnej-hudby-v-schwabisch-gmuend","status":"publish","type":"post","link":"https:\/\/www.e-anjelik.sk\/index.php\/2012\/07\/13\/24-festival-cirkevnej-hudby-v-schwabisch-gmuend\/","title":{"rendered":"24. festival cirkevnej hudby v Schw\u00e4bisch Gmuend"},"content":{"rendered":"<p>&nbsp;Dnes 13. j&uacute;la 2012 sa v nemeckom meste Schw&auml;bisch Gmuend za\u010d&iacute;na 24. Eur&oacute;psky festival cirkevnej hudby, ktor&yacute; potrv&aacute; tri t&yacute;\u017edne &#8211; do 5. augusta. T&eacute;mou festivalu je &quot;Domov a cudzina&quot;. Na koncertoch, ktor&yacute;ch bude spolu 23, usporiadatelia o\u010dak&aacute;vaj&uacute; do 15 tis&iacute;c n&aacute;v&scaron;tevn&iacute;kov. Z mnoh&yacute;ch zahrani\u010dn&yacute;ch interpr&eacute;tov hodno spomen&uacute;\u0165 japonsk&yacute;ch, balk&aacute;nskych R&oacute;mov, rak&uacute;skych, talianskych. Zo Slovenska bude &uacute;\u010dinkova\u0165 organistka Bernadetta &Scaron;unavsk&aacute;.V r&aacute;mci programu 24. j&uacute;la odovzdaj&uacute; tohtoro\u010dn&uacute; &nbsp;cenu Eur&oacute;pskej cirkevnej hudby skladate\u013eovi, hudobn&eacute;mu vedcovi, teol&oacute;govi a soci&oacute;logovi Clytusovi Gottwaldovi za z&aacute;sluhy pre s&uacute;\u010dasn&uacute; hudbu a-capella.&nbsp;<\/p>\n<p>(www.elk-wue.de)<\/p>\n","protected":false},"excerpt":{"rendered":"<p>&nbsp;Dnes 13. j&uacute;la 2012 sa v nemeckom meste Schw&auml;bisch Gmuend za\u010d&iacute;na 24. Eur&oacute;psky festival cirkevnej hudby, ktor&yacute; potrv&aacute; tri t&yacute;\u017edne &#8211; do 5. augusta. T&eacute;mou festivalu je &quot;Domov a cudzina&quot;. Na koncertoch, ktor&yacute;ch bude spolu 23, usporiadatelia o\u010dak&aacute;vaj&uacute; do 15 tis&iacute;c n&aacute;v&scaron;tevn&iacute;kov. Z mnoh&yacute;ch zahrani\u010dn&yacute;ch interpr&eacute;tov hodno spomen&uacute;\u0165 japonsk&yacute;ch, balk&aacute;nskych R&oacute;mov, rak&uacute;skych, talianskych. Zo Slovenska &#8230; <a title=\"24. festival cirkevnej hudby v Schw\u00e4bisch Gmuend\" class=\"read-more\" href=\"https:\/\/www.e-anjelik.sk\/index.php\/2012\/07\/13\/24-festival-cirkevnej-hudby-v-schwabisch-gmuend\/\" aria-label=\"Pre\u010d\u00edtajte si viac o 24. festival cirkevnej hudby v Schw\u00e4bisch Gmuend\">\u010c\u00edta\u0165 viac<\/a><\/p>\n","protected":false},"author":22,"featured_media":0,"comment_status":"open","ping_status":"open","sticky":false,"template":"","format":"standard","meta":{"footnotes":""},"categories":[9,10],"tags":[],"class_list":["post-4521","post","type-post","status-publish","format-standard","hentry","category-europa","category-zo-sveta"],"_links":{"self":[{"href":"https:\/\/www.e-anjelik.sk\/index.php\/wp-json\/wp\/v2\/posts\/4521","targetHints":{"allow":["GET"]}}],"collection":[{"href":"https:\/\/www.e-anjelik.sk\/index.php\/wp-json\/wp\/v2\/posts"}],"about":[{"href":"https:\/\/www.e-anjelik.sk\/index.php\/wp-json\/wp\/v2\/types\/post"}],"author":[{"embeddable":true,"href":"https:\/\/www.e-anjelik.sk\/index.php\/wp-json\/wp\/v2\/users\/22"}],"replies":[{"embeddable":true,"href":"https:\/\/www.e-anjelik.sk\/index.php\/wp-json\/wp\/v2\/comments?post=4521"}],"version-history":[{"count":0,"href":"https:\/\/www.e-anjelik.sk\/index.php\/wp-json\/wp\/v2\/posts\/4521\/revisions"}],"wp:attachment":[{"href":"https:\/\/www.e-anjelik.sk\/index.php\/wp-json\/wp\/v2\/media?parent=4521"}],"wp:term":[{"taxonomy":"category","embeddable":true,"href":"https:\/\/www.e-anjelik.sk\/index.php\/wp-json\/wp\/v2\/categories?post=4521"},{"taxonomy":"post_tag","embeddable":true,"href":"https:\/\/www.e-anjelik.sk\/index.php\/wp-json\/wp\/v2\/tags?post=4521"}],"curies":[{"name":"wp","href":"https:\/\/api.w.org\/{rel}","templated":true}]}}