{"id":4526,"date":"2012-07-15T18:58:18","date_gmt":"2012-07-15T18:58:18","guid":{"rendered":"http:\/\/e-anjelik.sk\/?p=4526"},"modified":"2012-07-15T18:58:18","modified_gmt":"2012-07-15T18:58:18","slug":"obratenie-apostolov","status":"publish","type":"post","link":"https:\/\/www.e-anjelik.sk\/index.php\/2012\/07\/15\/obratenie-apostolov\/","title":{"rendered":"Obr\u00e1tenie apo\u0161tolov"},"content":{"rendered":"<p>&nbsp;<b>&nbsp; &nbsp; &nbsp; &nbsp; &nbsp; &nbsp; &nbsp; &nbsp; &nbsp; &nbsp; &nbsp; &nbsp; &nbsp; &nbsp; &nbsp; &nbsp; &nbsp; &nbsp; &nbsp; &nbsp; &nbsp; &nbsp; &nbsp; &nbsp; &nbsp; &nbsp; &nbsp; &nbsp; &nbsp;Obr&aacute;tenie apo&scaron;tolov<\/b><\/p>\n<p style=\"margin: 0.0px 0.0px 0.0px 0.0px; font: 16.0px Helvetica; min-height: 19.0px\">&nbsp;<\/p>\n<p style=\"margin: 0.0px 0.0px 0.0px 0.0px; font: 16.0px Helvetica\"><span style=\"letter-spacing: 0.0px\"><b>\u017dalospevy 5, 21:<\/b><\/span><\/p>\n<p style=\"margin: 0.0px 0.0px 0.0px 0.0px; font: 16.0px Helvetica; min-height: 19.0px\"><span style=\"letter-spacing: 0.0px\"><b><i>&nbsp;<\/i><\/b><\/span><\/p>\n<p style=\"margin: 0.0px 0.0px 0.0px 0.0px; font: 16.0px Helvetica\"><span style=\"letter-spacing: 0.0px\"><i>&ldquo; Prive\u010f n&aacute;s op&auml;\u0165 k sebe a my sa vr&aacute;time. Obnov na&scaron;e dni, ako za starod&aacute;vna&rdquo;. Amen<\/i><\/span><\/p>\n<p style=\"margin: 0.0px 0.0px 0.0px 0.0px; font: 16.0px Helvetica; min-height: 19.0px\">&nbsp;<\/p>\n<p style=\"margin: 0.0px 0.0px 0.0px 0.0px; font: 16.0px Helvetica\"><span style=\"letter-spacing: 0.0px\"><i>Bratia a sestry v P&aacute;novi!<\/i><\/span><\/p>\n<p style=\"margin: 0.0px 0.0px 0.0px 0.0px; font: 16.0px Helvetica; min-height: 19.0px\">&nbsp;<\/p>\n<p style=\"margin: 0.0px 0.0px 0.0px 0.0px; font: 16.0px Helvetica\"><span style=\"letter-spacing: 0.0px\">&nbsp; &nbsp; Tam, kde prorok Jeremi&aacute;&scaron; kon\u010d&iacute; svoj pla\u010d nad situ&aacute;ciu nevern&eacute;ho \u013eudu a vyslovuje slov&aacute; n&aacute;deje v Bo\u017eiu milos\u0165, <b>tam za\u010d&iacute;naj&uacute; apo&scaron;tolovia svoju svedeck&uacute; slu\u017ebu<\/b>. Medzi nimi dvaja najpoprednej&scaron;&iacute; z nich &#8211; <b>sv.Peter a sv.Pavol<\/b>, ktor&yacute;ch vieru si dnes pripom&iacute;name a za ktor&yacute;ch P&aacute;nu Bohu \u010fakujeme.<\/span><\/p>\n<p style=\"margin: 0.0px 0.0px 0.0px 0.0px; font: 16.0px Helvetica; min-height: 19.0px\"><span style=\"letter-spacing: 0.0px\">&nbsp; &nbsp; &nbsp; <i>&nbsp;<\/i><\/span><\/p>\n<p style=\"margin: 0.0px 0.0px 0.0px 0.0px; font: 16.0px Helvetica\"><span style=\"letter-spacing: 0.0px\"><i>&ldquo;Prive\u010f n&aacute;s op&auml;\u0165 k sebe&nbsp; a my sa vr&aacute;time. Obnov na&scaron;e dni , ako boli za starod&aacute;vna&rdquo;.&nbsp;<\/i><\/span><\/p>\n<p style=\"margin: 0.0px 0.0px 0.0px 0.0px; font: 16.0px Helvetica\"><span style=\"letter-spacing: 0.0px\">Pocity sm&uacute;tku, slabosti, bezn&aacute;deje&nbsp; spojen&eacute; s vedom&iacute;m viny poznali \u013eudia&nbsp; v ka\u017edom \u010dase, pr&aacute;ve tak, ako ich neraz pozn&aacute; aj dne&scaron;n&yacute; \u010dlovek. To, \u010do je cenn&eacute;, \u010do je svetlom na konci tunela &#8211; to je zves\u0165 prorock&aacute;, zves\u0165 Je\u017ei&scaron;ova pre hrie&scaron;nikov i zves\u0165 jeho vern&yacute;ch apo&scaron;tolov. Boh nechce smr\u0165 hrie&scaron;nika, ale chce, aby sa k Nemu obr&aacute;til a \u017eil.<\/span><\/p>\n<p style=\"margin: 0.0px 0.0px 0.0px 0.0px; font: 16.0px Helvetica\"><span style=\"letter-spacing: 0.0px\">&nbsp; &nbsp; Len\u017ee preru&scaron;en&yacute; vz\u0165ah s Bohom, zrada Bo\u017eej l&aacute;sky dost&aacute;va \u010dloveka do situ&aacute;cie, \u017ee s&aacute;m nikdy nem&ocirc;\u017ee n&aacute;js\u0165 cestu sp&auml;\u0165, cestu do spolo\u010denstva s Bohom ako Otcom. Ak \u010dlovek aj m&aacute; vedomie , alebo aspo\u0148 nejak&yacute; pocit o Bohu, neznamen&aacute; to, \u017ee m&aacute; dostato\u010dn&eacute; a spr&aacute;vne poznanie, alebo \u017ee spozn&aacute; cestu k Nemu, cestu n&aacute;vratu do Jeho spolo\u010denstva. Nem&ocirc;\u017ee si by\u0165 ist&yacute; Jeho odpusten&iacute;m, milostiv&yacute;m n&aacute;ru\u010d&iacute;m a prijat&iacute;m za syna a dc&eacute;ru, ak to On s&aacute;m \u010dloveku nepovie a nepotvrd&iacute; svoj z&aacute;mer.&nbsp;<\/span><\/p>\n<p style=\"margin: 0.0px 0.0px 0.0px 0.0px; font: 16.0px Helvetica\"><span style=\"letter-spacing: 0.0px\">&nbsp;<i> &nbsp; <\/i>Snaha \u010dloveka vymani\u0165 sa z akejko\u013evek zlej moci vlastn&yacute;mi silami nie je e&scaron;te skuto\u010dn&yacute;m obr&aacute;ten&iacute;m sa k P&aacute;nu Bohu.<i> <\/i><b><i>Obr&aacute;tenie k Bohu je iba tam, kde On s&aacute;m n&aacute;s nach&aacute;dza a obracia k sebe svoj&iacute;m slovom.<\/i><\/b><\/span><\/p>\n<p style=\"margin: 0.0px 0.0px 0.0px 0.0px; font: 16.0px Helvetica\"><span style=\"letter-spacing: 0.0px\"><i>Toto Bo\u017eie slovo smel spozna\u0165 a zvestova\u0165 aj Jeremi&aacute;&scaron;, aj in&iacute; proroci a najjasnej&scaron;ie k n&aacute;m prehovoril Boh vo svojom Synovi. N&aacute;rodom toto slovo, poz&yacute;vaj&uacute;ce k n&aacute;vratu k Bohu milosti, niesli aj apo&scaron;tolovia. Tak, ako si bol Jeremi&aacute;&scaron; vedom&yacute; Bo\u017eej milosti a smel ju zvestova\u0165 aj kaj&uacute;cnikom vo svojej dobe, tak spoznali Bo\u017eiu milos\u0165 vo svojom \u017eivote aj apo&scaron;tolovia Peter i Pavel.<\/i><\/span><\/p>\n<p style=\"margin: 0.0px 0.0px 0.0px 0.0px; font: 16.0px Helvetica\"><span style=\"letter-spacing: 0.0px\"><i>&nbsp; &nbsp; Je to v\u017edy ten ist&yacute; rukopis, ako je zjaven&yacute; v posolsve evanjeila Je\u017ei&scaron;a Krista. Skuto\u010dn&eacute; obr&aacute;tenie nie je dielom \u010dloveka, ale Bo\u017eou milos\u0165ou. Len ona umo\u017enila n&aacute;vrat SZ \u013eudu z Babylonsk&eacute;ho otroctva, a umo\u017e\u0148uje n&aacute;vrat ka\u017ed&eacute;mu straten&eacute;mu hrie&scaron;nikovi. <\/i>M&aacute;rnotratn&eacute;mu synovi, \u010di nevernej dc&eacute;re. Bo\u017eia milos\u0165 predch&aacute;dza ka\u017ed&eacute; \u013eudsk&eacute; obr&aacute;tenie, ka\u017ed&uacute; zmenu, ktor&aacute; je prav&aacute; a skuto\u010dne tak zrejem&aacute;, \u017ee<i> &#8211; &ldquo;<\/i>je to div v na&scaron;ich o\u010diach&rdquo;<i>.&nbsp;<\/i><\/span><\/p>\n<p style=\"margin: 0.0px 0.0px 0.0px 0.0px; font: 16.0px Helvetica\"><span style=\"letter-spacing: 0.0px\"><i>&nbsp;&nbsp; Brati a sestry, \u013eudia vidia za obr&aacute;ten&iacute;m \u010dloveka, alebo&nbsp; skupiny \u013eud&iacute;, niekedy cel&eacute;ho mesta (napr. Ninive), alebo ve\u013ekej \u010dasti n&aacute;roda-&nbsp; len \u013eudsk&eacute; konanie a \u013eudsk&yacute; v&yacute;kon. V skuto\u010dnsoti je tam v\u017edy ten &ldquo;prv&yacute; h&yacute;bate\u013e&rdquo;-&nbsp; P&aacute;n Boh, ktor&yacute; je s&iacute;ce skry&yacute; a predsa p&ocirc;sobiaci.<\/i><\/span><\/p>\n<p style=\"margin: 0.0px 0.0px 0.0px 0.0px; font: 16.0px Helvetica; min-height: 19.0px\"><span style=\"letter-spacing: 0.0px\"><i>&nbsp;&nbsp; &nbsp;<\/i><\/span><\/p>\n<p style=\"margin: 0.0px 0.0px 0.0px 0.0px; font: 16.0px Helvetica\"><span style=\"letter-spacing: 0.0px\"><i>&nbsp;<\/i>&nbsp; &nbsp; Dne&scaron;n&yacute; sviatok dvoch apo&scaron;tolov je toho v&yacute;re\u010dn&yacute;m dokladom. Ka\u017ed&yacute; z nich bol in&yacute;, ale Bo\u017eia milos\u0165 pri Petrovi a Pavlovi bola prioritn&aacute;, prvotn&aacute; a zjavn&aacute;. Obaja si toho boli vedom&iacute;. Ani jeden z nich to ani nezatajoval, ani neskr&yacute;val, ani nepopieral.<i> &ldquo;Z milosti Bo\u017eej som \u010do som a jeho milos\u0165 nebpla pri mne daromn&aacute;&rdquo;-&nbsp; nap&iacute;sl napr. Pavel o sebe celkom jednozna\u010dne.<\/i><\/span><\/p>\n<p style=\"margin: 0.0px 0.0px 0.0px 0.0px; font: 16.0px Helvetica\"><span style=\"letter-spacing: 0.0px\"><i>&nbsp;<\/i> Peter nesk&yacute;val svoje zapretie, zlyhanie, ale ani svoje slzy, po ktor&yacute;ch nasledovalo nov&eacute;, trojn&aacute;sobn&eacute; povolanie, omilostenie a Je\u017ei&scaron;ovo apo&scaron;tolsk&eacute; poverenie: <i>Pas moje ove\u010dky, pas mojich bar&aacute;nkov!<\/i><\/span><\/p>\n<p style=\"margin: 0.0px 0.0px 0.0px 0.0px; font: 16.0px Helvetica; min-height: 19.0px\">&nbsp;<\/p>\n<p style=\"margin: 0.0px 0.0px 0.0px 0.0px; font: 16.0px Helvetica\"><span style=\"letter-spacing: 0.0px\"><i>&nbsp;&nbsp; &nbsp; T<\/i>en Petrov \u017eivotn&yacute; pr&iacute;beh je n&aacute;m mo\u017eno o nie\u010do bli\u017e&scaron;&iacute;, lebo ho podrobne a d&ocirc;verne pozn&aacute;me z pa&scaron;ijov&yacute;ch udalost&iacute;. Peter nielen&nbsp; vyznal slov&aacute;, ktor&eacute; s&uacute; vyznan&iacute;m ka\u017ed&eacute;ho kres\u0165na a celej cirkvi: &ldquo;Ty si Kristus, Syn Boha \u017eiv&eacute;ho&rdquo;! &#8211; Aby bolo jasn&eacute;, \u017ee to nebolo z jeho rozumu, z jeho sily a m&uacute;drostoi, Je\u017ei&scaron;&nbsp; mu povedal:<i> &ldquo;Telo a krv ti to nezjavlii, ale m&ocirc;j Otec, ktor&yacute; je v nebesiach.&rdquo;<\/i><\/span><\/p>\n<p style=\"margin: 0.0px 0.0px 0.0px 0.0px; font: 16.0px Helvetica\"><span style=\"letter-spacing: 0.0px\">Ten ist&yacute; Peter musel o kr&aacute;tky \u010das po\u010du\u0165 upozornenie, \u017ee &ldquo;satan obch&aacute;dza ako rev&uacute;ci lev a h\u013ead&aacute; koho by zo\u017eral&rdquo;. Obrazne povedan&eacute; &#8211; zo\u017er\u0165a chcel&nbsp; pr&aacute;ve jeho, kto sa stal z Bo\u017eej milosti spr&aacute;vne vyzn&aacute;vaj&uacute;cim apo&scaron;tolom.Preto tlak poku&scaron;ite\u013ea bol na Petra tak enornm&yacute; a z&aacute;sadn&yacute;.&nbsp; P&aacute;n pr&aacute;ve jemu musel vz&aacute;p&auml;t&iacute; poveda\u0165:<i> &ldquo;Cho\u010f za m\u0148a satan, na pohor&scaron;enie si mi, lebo nemysl&iacute;&scaron; na veci Bo\u017eie, ale na \u013eudsk&eacute;&rdquo;. &nbsp;<\/i><\/span><\/p>\n<p style=\"margin: 0.0px 0.0px 0.0px 0.0px; font: 16.0px Helvetica\"><span style=\"letter-spacing: 0.0px\"><i>&nbsp;&nbsp; &nbsp; To je nie je nejak&eacute; pon&iacute;\u017eenie apo&scaron;tola Petra &#8211; to bolo pravdiv&eacute;&nbsp; slovo Toho, ktor&yacute; viac vid&iacute;, a viac vie ako my. Napokon sa uk&aacute;zalo, \u017ee Satan vo&scaron;iel nielen do Jud&aacute;&scaron;a, ale aj do Petra, ktor&yacute; tri kr&aacute;t zaprel Majsta a P&aacute;na&#8230;<\/i><\/span><\/p>\n<p style=\"margin: 0.0px 0.0px 0.0px 0.0px; font: 16.0px Helvetica\"><span style=\"letter-spacing: 0.0px\"><i>&nbsp; &nbsp; &nbsp;<\/i> Ak sa teda napokon Peter obracia, nie je to z jeho moci a sily, ale z milosti P&aacute;na, ktor&yacute;-&nbsp; ako vieme, za neho prosil a daroval mu nov&uacute; milos\u0165- aby patril do Jeho kruhu, i medzi nebe&scaron;\u0165anov. Petrov \u017eivotn&yacute; pr&iacute;beh je teda jasnou ilustr&aacute;ciu toho proprock&eacute;ho slova z Pla\u010du Jeremi&aacute;&scaron;ovho:&rdquo;<i> Prive\u010f n&aacute;s op&auml;\u0165 k sebe a my sa vr&aacute;time&#8230;Obnov na&scaron;e dni, ako boli za starod&aacute;vna&rdquo;.<\/i><\/span><\/p>\n<p style=\"margin: 0.0px 0.0px 0.0px 0.0px; font: 16.0px Helvetica; min-height: 19.0px\"><span style=\"letter-spacing: 0.0px\"><i>&nbsp;&nbsp; &nbsp;<\/i><\/span><\/p>\n<p style=\"margin: 0.0px 0.0px 0.0px 0.0px; font: 16.0px Helvetica\"><span style=\"letter-spacing: 0.0px\"><i>&nbsp; &nbsp; Nie inak to bolo aj v osobnom \u017eivote Pavlovom. Bol s&iacute;ce&nbsp; vysoko vzdelan&yacute; farizej, vyu\u010den&yacute; pri noh&aacute;ch vtedaj&scaron;ieho zm&aacute;meho u\u010dite\u013ea Gamaliela &#8211; ale bol aj z&uacute;riv&yacute;m nepriate\u013eom cirkvi Kristovej.&nbsp; Jeho vlastn&yacute; rozum a sily by nikdy neboli posta\u010dili k jeho obr&aacute;teniu, k zmene myslenia a konania. Vieme, ako damticky a n&aacute;hle sa to odohralo pri ceste do Damaksu. Pavel to spo&iacute;na viackr&aacute;t a podobne NZ pisatelia najm&auml; Luk&aacute;&scaron; v Sk. ap.&nbsp;<\/i><\/span><\/p>\n<p style=\"margin: 0.0px 0.0px 0.0px 0.0px; font: 16.0px Helvetica\"><span style=\"letter-spacing: 0.0px\"><i>Svetlo,ktor&eacute; zasvietilo z neba Pavlovi a v ktorom spoznnal hlas Je\u017ei&scaron;a Krista ako vzkriesen&eacute;ho a \u017eiv&eacute;ho P&aacute;na, nebolo z neho, ale bolo Kristov&yacute;m pozvan&iacute;m. Obrat to bol dramatick&yacute; a je trvalo pou\u010dn&yacute;. &nbsp;<\/i><\/span><\/p>\n<p style=\"margin: 0.0px 0.0px 0.0px 0.0px; font: 16.0px Helvetica\"><span style=\"letter-spacing: 0.0px\"><i>&nbsp;&nbsp; &nbsp; Ve\u010f aj dnes je okolo n&aacute;s ve\u013ea zaujat&yacute;ch \u013eud&iacute; vo\u010di Je\u017ei&scaron;ovi, vo\u010di Jeho cirkvi a&nbsp; kres\u0165anom. Nikto z nich, ale ani my sami dnes e&scaron;te nevieme, ak&eacute; pl&aacute;ny m&aacute; s nimi Boh. Ako a kedy, na ktorom mieste si ich P&aacute;n m&ocirc;\u017ee n&aacute;js\u0165 a oslovi\u0165! Ak sa to stane, nebude to ich z&aacute;sluha- ale milos\u0165,&nbsp; ak p&ocirc;jde o obr&aacute;tenia prav&eacute; a skuto\u010dn&eacute;.<\/i><\/span><\/p>\n<p style=\"margin: 0.0px 0.0px 0.0px 0.0px; font: 16.0px Helvetica; min-height: 19.0px\"><span style=\"letter-spacing: 0.0px\"><i>&nbsp; &nbsp;<\/i><\/span><\/p>\n<p style=\"margin: 0.0px 0.0px 0.0px 0.0px; font: 16.0px Helvetica\"><span style=\"letter-spacing: 0.0px\"><i>&nbsp; &nbsp; <\/i><b><i>Bratia a sestry<\/i><\/b><i>!&nbsp;<\/i><\/span><\/p>\n<p style=\"margin: 0.0px 0.0px 0.0px 0.0px; font: 16.0px Helvetica\"><span style=\"letter-spacing: 0.0px\"><i>&nbsp; &nbsp; Dnes sa v cirkvi ve\u013ea hovor&iacute; o obr&aacute;ten&iacute;. \u017dia\u013e, neraz sa obr&aacute;tenie prezentuje v cirkvi ako nie\u010do, \u010do mus&iacute; a m&aacute; urobi\u0165 \u010dovek.&nbsp; Ak sa tak nedeje, mnoh&iacute; s&uacute; netrpezliv&iacute; a&nbsp; ve\u013emi r&yacute;chli vo svojich s&uacute;doch o na&scaron;ej&nbsp; cirkvi, o jej kvalite, o kvalite kazate\u013eov a o \u017eivote kres\u0165anov.<\/i><\/span><\/p>\n<p style=\"margin: 0.0px 0.0px 0.0px 0.0px; font: 16.0px Helvetica\"><span style=\"letter-spacing: 0.0px\"><i>S&uacute; in&iacute;, ktor&iacute; o ni\u010dom inom tak radi nehovoria, ako pr&aacute;ve len o sebe a svojom vlastnom obr&aacute;ten&iacute;. Hovoria o \u0148om ako o svojom diele. O svojom &ldquo;osobnom rozhodnut&iacute; a osobnej viere&rdquo;.<\/i><\/span><\/p>\n<p style=\"margin: 0.0px 0.0px 0.0px 0.0px; font: 16.0px Helvetica\"><span style=\"letter-spacing: 0.0px\"><i>Akoby ani ne&scaron;lo o spolo\u010dn&uacute; vieru prorokov, apo&scaron;tolov a t&yacute;ch, ktor&iacute; z Bo\u017eej milosti&nbsp; &#8211; cez prav&eacute; pok&aacute;nie dostali milos\u0165 nad milos\u0165.<\/i><\/span><\/p>\n<p style=\"margin: 0.0px 0.0px 0.0px 0.0px; font: 16.0px Helvetica; min-height: 19.0px\"><span style=\"letter-spacing: 0.0px\"><i>&nbsp; &nbsp;<\/i><\/span><\/p>\n<p style=\"margin: 0.0px 0.0px 0.0px 0.0px; font: 16.0px Helvetica\"><span style=\"letter-spacing: 0.0px\">&nbsp; &nbsp; Z povedan&eacute;ho je zrejm&eacute;, \u017ee aj ke\u010f dne&scaron;n&yacute; de\u0148 je v cirkvi d\u0148om knie\u017eat medzi apo&scaron;tolmi, sv. Petra&nbsp; a sv.Pavla, nie oni s&uacute; centrom na&scaron;ej pozornosti, na&scaron;ej v\u010faky a na&scaron;ej oslavy, ale Ten, ktor&yacute; ich <i>evanjeliom osvietil, svoj&iacute;m slovom povolal a posv&auml;til&nbsp; a napokon aj zachoval z milosti a\u017e po mart&yacute;rium. Po obe\u0165 najvy&scaron;&scaron;iu. Ich mu\u010den&iacute;cku smr\u0165, ktor&uacute; prijali ako slu\u017ebu Tomu, ktor&yacute; je ve\u010dne \u017eiv&yacute; P&aacute;n panujcich a Kr&aacute;\u013e kra\u013euj&uacute;cich. Jemu d&ocirc;verujme aj my a od Neho v&scaron;etko po\u017eehnie cirkvi i n&aacute;&scaron;ho \u017eivota o\u010dak&aacute;vajme! Amen.<\/i><\/span><\/p>\n<p style=\"margin: 0.0px 0.0px 0.0px 0.0px; font: 16.0px Helvetica; min-height: 19.0px\">&nbsp;<\/p>\n<p style=\"margin: 0.0px 0.0px 0.0px 0.0px; font: 12.0px Helvetica\"><span style=\"font: 16.0px Helvetica; letter-spacing: 0.0px\"><i>&nbsp; &nbsp; &nbsp; &nbsp; &nbsp; &nbsp; &nbsp; &nbsp; &nbsp; &nbsp; &nbsp; &nbsp; &nbsp; &nbsp; &nbsp; &nbsp; &nbsp; &nbsp; &nbsp; &nbsp; &nbsp; &nbsp; &nbsp;&nbsp;<\/i><\/span><span style=\"letter-spacing: 0.0px\"><i>Sviatok apo&scaron;tolov Petra a Pavla &#8211; Soboti&scaron;te&nbsp; 2012 &#8211; \u013d.Batka st.<\/i><\/span><\/p>\n","protected":false},"excerpt":{"rendered":"<p>&nbsp;&nbsp; &nbsp; &nbsp; &nbsp; &nbsp; &nbsp; &nbsp; &nbsp; &nbsp; &nbsp; &nbsp; &nbsp; &nbsp; &nbsp; &nbsp; &nbsp; &nbsp; &nbsp; &nbsp; &nbsp; &nbsp; &nbsp; &nbsp; &nbsp; &nbsp; &nbsp; &nbsp; &nbsp; &nbsp;Obr&aacute;tenie apo&scaron;tolov &nbsp; \u017dalospevy 5, 21: &nbsp; &ldquo; Prive\u010f n&aacute;s op&auml;\u0165 k sebe a my sa vr&aacute;time. Obnov na&scaron;e dni, ako za starod&aacute;vna&rdquo;. Amen &nbsp; Bratia a &#8230; <a title=\"Obr\u00e1tenie apo\u0161tolov\" class=\"read-more\" href=\"https:\/\/www.e-anjelik.sk\/index.php\/2012\/07\/15\/obratenie-apostolov\/\" aria-label=\"Pre\u010d\u00edtajte si viac o Obr\u00e1tenie apo\u0161tolov\">\u010c\u00edta\u0165 viac<\/a><\/p>\n","protected":false},"author":4,"featured_media":0,"comment_status":"open","ping_status":"open","sticky":false,"template":"","format":"standard","meta":{"footnotes":""},"categories":[95],"tags":[249,192],"class_list":["post-4526","post","type-post","status-publish","format-standard","hentry","category-sobotiste","tag-bohosluzby","tag-kazen"],"_links":{"self":[{"href":"https:\/\/www.e-anjelik.sk\/index.php\/wp-json\/wp\/v2\/posts\/4526","targetHints":{"allow":["GET"]}}],"collection":[{"href":"https:\/\/www.e-anjelik.sk\/index.php\/wp-json\/wp\/v2\/posts"}],"about":[{"href":"https:\/\/www.e-anjelik.sk\/index.php\/wp-json\/wp\/v2\/types\/post"}],"author":[{"embeddable":true,"href":"https:\/\/www.e-anjelik.sk\/index.php\/wp-json\/wp\/v2\/users\/4"}],"replies":[{"embeddable":true,"href":"https:\/\/www.e-anjelik.sk\/index.php\/wp-json\/wp\/v2\/comments?post=4526"}],"version-history":[{"count":0,"href":"https:\/\/www.e-anjelik.sk\/index.php\/wp-json\/wp\/v2\/posts\/4526\/revisions"}],"wp:attachment":[{"href":"https:\/\/www.e-anjelik.sk\/index.php\/wp-json\/wp\/v2\/media?parent=4526"}],"wp:term":[{"taxonomy":"category","embeddable":true,"href":"https:\/\/www.e-anjelik.sk\/index.php\/wp-json\/wp\/v2\/categories?post=4526"},{"taxonomy":"post_tag","embeddable":true,"href":"https:\/\/www.e-anjelik.sk\/index.php\/wp-json\/wp\/v2\/tags?post=4526"}],"curies":[{"name":"wp","href":"https:\/\/api.w.org\/{rel}","templated":true}]}}