{"id":4527,"date":"2012-07-15T19:28:13","date_gmt":"2012-07-15T19:28:13","guid":{"rendered":"http:\/\/e-anjelik.sk\/?p=4527"},"modified":"2012-07-15T19:28:13","modified_gmt":"2012-07-15T19:28:13","slug":"pridana-hodnota-viery","status":"publish","type":"post","link":"https:\/\/www.e-anjelik.sk\/index.php\/2012\/07\/15\/pridana-hodnota-viery\/","title":{"rendered":"Pridan\u00e1 hodnota viery"},"content":{"rendered":"<p>&nbsp;<span class=\"Apple-style-span\" style=\"font-family: Helvetica; font-size: 16px; line-height: normal; \"><b>&nbsp; &nbsp; &nbsp; &nbsp; &nbsp; &nbsp; &nbsp; &nbsp; &nbsp; &nbsp; &nbsp; &nbsp; &nbsp; &nbsp; &nbsp; &nbsp; &nbsp; &nbsp; &nbsp; &nbsp; &nbsp; &nbsp; &nbsp; &nbsp; &nbsp; &nbsp; &nbsp; &nbsp; &nbsp;Pridan&aacute; hodnota viery<\/b><\/span><\/p>\n<p style=\"margin: 0.0px 0.0px 0.0px 0.0px; font: 16.0px Helvetica\"><span style=\"letter-spacing: 0.0px\"><b>2 Pt 1, 3-11:<\/b><\/span><\/p>\n<p style=\"margin: 0.0px 0.0px 0.0px 0.0px; font: 16.0px Helvetica\"><span style=\"letter-spacing: 0.0px\"><i>&ldquo;Ako n&aacute;m Jeho bo\u017esk&aacute; moc v zn&aacute;mosti Toho, ktor&yacute; n&aacute;s povolal svojou sl&aacute;vou a cnos\u0165ou, darovala v&scaron;etko potrebn&eacute; pre \u017eivot a zbo\u017enos\u0165, (4) obdaruj&uacute;c n&aacute;s vz&aacute;cnymi a ve\u013emi ve\u013ek&yacute;mi zas\u013e&uacute;beniami, aby sme nimi mali &uacute;\u010das\u0165 na Bo\u017eskej prirodzenosti a u&scaron;li poru&scaron;eniu, ktor&eacute; je vo svete pre \u017eiadostivos\u0165: (5) tak aj vy podobne vynalo\u017ete v&scaron;etko &uacute;silie a prid&aacute;vajte ku viere cnso\u0165, k cnosti zn&aacute;mos\u0165, (6) k zn&aacute;mosti zdr\u017eanlivos\u0165, k zdr\u017eanlivosti trpezlivos\u0165, k trpezlivosti pobo\u017enos\u0165, (7) k pobo\u017enosti milovanie bratstva a k milovaniu bratstva l&aacute;sku.<\/i><\/span><\/p>\n<p style=\"margin: 0.0px 0.0px 0.0px 0.0px; font: 16.0px Helvetica\"><span style=\"letter-spacing: 0.0px\"><i>(8) Lebo ak s&uacute; pri v&aacute;s v&scaron;etky tieto vlastnosti a rozm&aacute;haj&uacute; sa, nebudete ne\u010dinn&iacute; a neplodn&iacute; ani v pozn&aacute;van&iacute; n&aacute;&scaron;ho P&aacute;na Je\u017ei&scaron;a Krista. (9) Kto nem&aacute; t&yacute;chto vlastnost&iacute;, je slep&yacute;, lebo v zaslepenosti zab&uacute;da, \u017ee bol o\u010disten&yacute; z d&aacute;vnych hriechov. (10) Preto t&yacute;m viacej usilujte sa, bratia, upevni\u0165 svoje povolanie a vyvolenie, lebo ke\u010f to urob&iacute;te, nepotknete sa nikdy (11) a tak sk&ocirc;r budete ma\u0165 pr&iacute;stup do ve\u010dn&eacute;ho kr&aacute;\u013eovstva n&aacute;&scaron;ho P&aacute;na a Spasite\u013ea Je\u017ei&scaron;a Krista.&rdquo; Amen<\/i><\/span><\/p>\n<p style=\"margin: 0.0px 0.0px 0.0px 0.0px; font: 16.0px Helvetica; min-height: 19.0px\">&nbsp;<\/p>\n<p style=\"margin: 0.0px 0.0px 0.0px 0.0px; font: 16.0px Helvetica\"><span style=\"letter-spacing: 0.0px\">&nbsp; &nbsp; &nbsp; Mil&iacute; bratia a sestry, mil&iacute; rodi\u010dia, star&iacute; rodi\u010dia, mil&eacute; deti a \u017eiaci!<\/span><\/p>\n<p style=\"margin: 0.0px 0.0px 0.0px 0.0px; font: 16.0px Helvetica; min-height: 19.0px\">&nbsp;<\/p>\n<p style=\"margin: 0.0px 0.0px 0.0px 0.0px; font: 16.0px Helvetica\"><span style=\"letter-spacing: 0.0px\">&nbsp;&nbsp; &nbsp; &nbsp; V piatok, vo sviatok Petra a Pavla sa skon\u010dil &scaron;kolsk&yacute; rok. \u017diaci dostali vysved\u010denia a na dva mesiace sa zavreli br&aacute;ny &scaron;k&ocirc;l. Prich&aacute;dza \u010das mal&iacute;n, \u010das oddychu a v&ocirc;n&iacute; leta. V&scaron;etci sa na\u0148 ve\u013emi te&scaron;&iacute;me. Ot&aacute;zkou je, kto najviac? &nbsp;<\/span><\/p>\n<p style=\"margin: 0.0px 0.0px 0.0px 0.0px; font: 16.0px Helvetica\"><span style=\"letter-spacing: 0.0px\">&nbsp; &nbsp; Pred rokmi sa mi zdalo, \u017ee jednozna\u010dne \u017eiaci a &scaron;tudenti. Dnes to vid&iacute;m inak. A ka\u017ed&yacute;, kto m&aacute; mo\u017enos\u0165 zav&iacute;ta\u0165 do &scaron;kolskej zborovne by to zrejme potvrdil. Najviac sa te&scaron;ia unaven&iacute;, vystresovan&iacute; p&aacute;ni u\u010ditelia a pani u\u010dite\u013eky- najv&auml;\u010d&scaron;ia \u010das\u0165 u\u010dite\u013esk&eacute;ho zboru. \u010casy sa, zd&aacute; sa, menia aj v tomto oh\u013eade&#8230;<\/span><\/p>\n<p style=\"margin: 0.0px 0.0px 0.0px 0.0px; font: 16.0px Helvetica\"><span style=\"letter-spacing: 0.0px\">&nbsp;&nbsp; &nbsp; Jedna star&aacute; mama zo zusednej obce mi povedala: Vnuk, ktor&yacute; chod&iacute; v Senici na stredn&uacute; &scaron;kolu, pri&scaron;iel domov a zvestoval jej, \u017ee jeho spolu\u017eiak zbil pani u\u010dite\u013eku&#8230;.Na&scaron;e &scaron;kolstvo pre&scaron;lo od niekdaj&scaron;&iacute;ch &scaron;kolsk&yacute;ch v&yacute;praskov \u017eiakov, k nov&eacute;mu trendu: tu &ldquo;kurence vychov&aacute;vaj&uacute; kvo\u010dku&rdquo;!<\/span><\/p>\n<p style=\"margin: 0.0px 0.0px 0.0px 0.0px; font: 16.0px Helvetica\"><span style=\"letter-spacing: 0.0px\">&nbsp;&nbsp; &nbsp; &nbsp; My, ako evanjelick&iacute; kres\u0165ania sme nemnoh&iacute; predsa len pri&scaron;li <b>dnes po\u010fakova\u0165 P&aacute;nu Bohu za uplynu&yacute; &scaron;kolsk&yacute; rok.<\/b> Ve\u010f ide nielen o \u010das milosti, ktor&yacute; n&aacute;m bol darovan&yacute;, ide nielen o dar zdravia, o to, \u017ee m&aacute;me vysok&uacute; \u017eivotn&uacute; &uacute;rove\u0148 v stravovan&iacute;, v obiekan&iacute;, v mno\u017estve pom&ocirc;cok a st&aacute;le nov&yacute;ch technick&yacute;ch vymo\u017eenost&iacute;, ako s&uacute; napr. po\u010d&iacute;ta\u010dov&eacute; triedy a v&scaron;eli\u010do in&eacute;, \u010do ako hmotn&eacute;, telesn&eacute; dary m&ocirc;\u017eeme vidie\u0165 a prij&iacute;ma\u0165 z Bo\u017eej dobroty.&nbsp;<\/span><\/p>\n<p style=\"margin: 0.0px 0.0px 0.0px 0.0px; font: 16.0px Helvetica\"><span style=\"letter-spacing: 0.0px\">M&aacute;me mo\u017enos\u0165&nbsp; rastu v pozn&aacute;van&iacute; na&scaron;ej kult&uacute;ry v spisovnom, slovenskom jazyku, ktor&yacute; otcovia Hurban, Hod\u017ea a &Scaron;t&uacute;r uz&aacute;konili, \u010do sme si ned&aacute;vno pripomenuli v Hlbokom. Na&scaron;e deti a vn&uacute;\u010dat&aacute; sm&uacute; vzrasta\u0165 v poznan&iacute; pr&iacute;rodn&yacute;ch z&aacute;konov a sveta, \u010do tak kr&aacute;sne stvoril a zaopatril n&aacute;&scaron; Stvorite\u013e. V pozn&aacute;van&iacute; vlasti a krajiny, ktor&uacute; n&aacute;m dal, ako to n&aacute;dherne vyjadril neb.Milan R&uacute;fus. A je mnoho in&yacute;ch predmetov, ktor&eacute; sa vyu\u010duj&uacute; na &scaron;kol&aacute;ch kvalifikovan&yacute;mi \u013eu\u010fmi. Vzrast&aacute; d&ocirc;le\u017eitos\u0165 v&yacute;u\u010dby cudz&iacute;ch jazykov, aby sa nov&eacute; gener&aacute;cie nielen dohovorili s in&yacute;mi kult&uacute;rami a n&aacute;rodmi, ale aby mohli &#8211; obrazne povedan&eacute; &#8211; aj preda\u0165 na trhu pr&aacute;ce svoje vedomosi a&nbsp; zru\u010dnosti.<\/span><\/p>\n<p style=\"margin: 0.0px 0.0px 0.0px 0.0px; font: 16.0px Helvetica\"><span style=\"letter-spacing: 0.0px\">&nbsp; To je jedna \u010das\u0165 po\u017eehnania &scaron;kolskej pr&aacute;ce a vyu\u010dovaia. Ako aj ap.Peter v dne&scaron;nom texte pripom&iacute;na, d&ocirc;vody svojej chv&aacute;ly a v\u010faky. <i>&ldquo;Ako n&aacute;m Jeho bo\u017esk&aacute; moc v zn&aacute;mosti Toho &#8211; toti\u017e Krista- ktor&yacute; n&aacute;s povolal svojou sl&aacute;vou a cnos\u0165ou, darovala v&scaron;etko potrebn&eacute; pre \u017eivot&#8230;&rdquo;<\/i>-.&nbsp;<\/span><\/p>\n<p style=\"margin: 0.0px 0.0px 0.0px 0.0px; font: 16.0px Helvetica\"><span style=\"letter-spacing: 0.0px\">&nbsp; &nbsp; <i>&ldquo;V&scaron;etko \u010do m&aacute;me, dal n&aacute;m Boh&rdquo;<\/i> a d&aacute;va n&aacute;m mnoho znovu a znovu a to aj bez n&aacute;&scaron;ho modlenia. Uvedomel&yacute; kres\u0165an, luter&aacute;n nem&ocirc;\u017ee by\u0165 preto bez v\u010faky a dobrore\u010denia.&nbsp; V cirkvi sv&auml;t&iacute;me s&iacute;ce De\u0148 po\u010fakovania za &uacute;rody zeme, ale to nem&aacute; by\u0165 jedin&yacute; de\u0148 v\u010faky a dobrore\u010denia za \u017eivot a dobr&eacute; dary. Tak spievame aj v zn&aacute;mej piesni:<i> &rdquo;Za \u017eivot, \u010do dal si n&aacute;m, Tebe Bo\u017ee \u010fakujeme, tela n&aacute;&scaron;ho \u010dasn&yacute; chr&aacute;m, Duchu Tvojmu venujeme. Chv&aacute;la, chv&aacute;la, chv&aacute;la Ti- Darca v daroch bohat&yacute; &ldquo;. \/ES 343, 2\/<\/i><\/span><\/p>\n<p style=\"margin: 0.0px 0.0px 0.0px 0.0px; font: 16.0px Helvetica; min-height: 19.0px\"><span style=\"letter-spacing: 0.0px\">&nbsp; &nbsp;<\/span><\/p>\n<p style=\"margin: 0.0px 0.0px 0.0px 0.0px; font: 16.0px Helvetica\"><span style=\"letter-spacing: 0.0px\">&nbsp;&nbsp; &nbsp; Slov&aacute; sv&auml;t&eacute;ho Petra n&aacute;s v&scaron;ak ved&uacute; e&scaron;te \u010falej, preto\u017ee on pripom&iacute;na nielen dar \u010dasn&eacute;ho \u017eivota ako dar vz&aacute;cny, ale aj <b>zbo\u017e<\/b><\/span><span style=\"letter-spacing: 0.0px\"><b>nos\u0165, <\/b>ako dar nesmiernej ceny. <i>&ldquo;Jeho bo\u017esk&aacute; moc darovala n&aacute;m \u017eivot a zbo\u017enos\u0165, obdaruj&uacute;c n&aacute;s vz&aacute;cnymi a ve\u013emi ve\u013ek&yacute;mi zas\u013e&uacute;beniami, aby ste nimi mali &uacute;\u010das\u0165 na bo\u017eskej prirodzenosti a u&scaron;li poru&scaron;eniu&rdquo;.<\/i><\/span><\/p>\n<p style=\"margin: 0.0px 0.0px 0.0px 0.0px; font: 16.0px Helvetica; min-height: 19.0px\"><span style=\"letter-spacing: 0.0px\">&nbsp; &nbsp;<\/span><\/p>\n<p style=\"margin: 0.0px 0.0px 0.0px 0.0px; font: 16.0px Helvetica\"><span style=\"letter-spacing: 0.0px\">&nbsp; &nbsp; &Aacute;no, my smieme ma\u0165 &uacute;\u010das\u0165 na Kristovej bo\u017eskej prirodzenosti, preto\u017ee On pre to urobil v&scaron;etko potrebn&eacute;. On Bo\u017e&iacute; Syn prijal &uacute;\u010das\u0165 na na&scaron;ej \u013eudskej prirodzenosti, pravda bez hriechu, aby n&aacute;s, hriechom poru&scaron;en&yacute;ch omilostil.<i> &ldquo;Ja som pri&scaron;iel, aby ste \u017eivot mali a hojne mali!<\/i>&rdquo;&nbsp;<\/span><\/p>\n<p style=\"margin: 0.0px 0.0px 0.0px 0.0px; font: 16.0px Helvetica\"><span style=\"letter-spacing: 0.0px\">&nbsp; &nbsp; Zo slov ap.Petra vid&iacute;me, \u017ee ma\u0165 \u017eivot v plnosti znamen&aacute; pre n&aacute;s to, \u017ee skrze Kristov krst my smime ma\u0165 &uacute;\u010das\u0165 na Jeho bo\u017eskej prirodzenosti. To je kr&aacute;sna zmena, ktor&aacute; je v&yacute;hodn&aacute; najm&auml; pre n&aacute;s, slabostiam, hriechu a smrti poddan&yacute;m. \u017diadostivos\u0165 \u010dloveka, ktor&aacute; sa prejavila u\u017e v raji&nbsp; sa uk&aacute;zala ako podvod. \u010clovek stratil aj to, \u010do mal, toti\u017e Bo\u017eie detinstvo. Je\u017ei&scaron; ho v&scaron;ak pre n&aacute;s obnovil a z&iacute;skal. Pon&uacute;kol n&aacute;m &uacute;\u010das\u0165 na svojom \u017eivote, na svojej bo\u017eskej prirodzenosti.<\/span><\/p>\n<p style=\"margin: 0.0px 0.0px 0.0px 0.0px; font: 16.0px Helvetica\"><span style=\"letter-spacing: 0.0px\">&nbsp;&nbsp; Vieme, ako \u010faleko a hlboko siahala a &scaron;la Jeho l&aacute;ska v h\u013eadan&iacute; zat&uacute;lan&yacute;ch Bo\u017e&iacute;ch ove\u010diek, aby ich vr&aacute;til od nebesk&eacute;ho ko&scaron;iara. Toto je pozn&aacute;vanie a vzdel&aacute;vanie duchovn&eacute;, n&aacute;bo\u017eensk&eacute;, ktor&eacute; tie\u017e patrilo a patr&iacute; k rastu \u010dloveka vo viere a v zn&aacute;msti pravdy. Aby sme my i na&scaron;e deti vedeli o tejto mo\u017enosti \u010do najviac. Aj za toto vyu\u010dovanie, vzdel&aacute;vanie a pozn&aacute;vanie chceme dnes dakova\u0165 a dobrore\u010di\u0165 P&aacute;novi a n&aacute;&scaron;mu nebesk&eacute;mu Otcovi skrze Ducha Sv&auml;t&eacute;ho.<\/span><\/p>\n<p style=\"margin: 0.0px 0.0px 0.0px 0.0px; font: 16.0px Helvetica; min-height: 19.0px\"><span style=\"letter-spacing: 0.0px\">&nbsp;&nbsp; &nbsp;<\/span><\/p>\n<p style=\"margin: 0.0px 0.0px 0.0px 0.0px; font: 16.0px Helvetica\"><span style=\"letter-spacing: 0.0px\">&nbsp;&nbsp; Ap. Peter zbo\u017enos\u0165 a pozn&aacute;vanie osoby a diela Je\u017ei&scaron;a Krista naz&yacute;va ve\u013emi moderne<b>. Je to pridan&aacute; hodnota Bo\u017eej milosti.<\/b> S&aacute;m ju poznal a prijal z r&uacute;k a &uacute;st Je\u017ei&scaron;ov&yacute;ch a bol za \u0148u v\u010fa\u010dn&yacute;. T&yacute;mto smerom vedie aj n&aacute;s. Preto hovor&iacute; a vyz&yacute;va ka\u017ed&eacute;ho kres\u0165ana:<i> &ldquo;Preto vynalo\u017ete v&scaron;etko &uacute;silie a prid&aacute;vajte ku viere cnos\u0165!<\/i><\/span><\/p>\n<p style=\"margin: 0.0px 0.0px 0.0px 0.0px; font: 16.0px Helvetica; min-height: 19.0px\"><span style=\"letter-spacing: 0.0px\">&nbsp; &nbsp; &nbsp; &nbsp; &nbsp; &nbsp; &nbsp;<\/span><\/p>\n<p style=\"margin: 0.0px 0.0px 0.0px 0.0px; font: 16.0px Helvetica\"><span style=\"letter-spacing: 0.0px\">&nbsp;&nbsp; \u010co je pridan&aacute; hodnota a ak&yacute; je jej v&yacute;znam? Uvediem pr&iacute;klad: Slovensko m&aacute; bohat&eacute; a rozsiahle lesy a v nich sa \u0165a\u017eia stromy. \u010casto vid&iacute;me, ako sa cel&eacute; vlaky a kami&oacute;ny dreva vyv&aacute;\u017eaj&uacute; do zahrani\u010dia. Samozrejme, za stromy a drevo podnikom, alebo majite\u013eom zaplatia. Ale ak sa v &scaron;t&aacute;te dok&aacute;\u017ee rozvin&uacute;t&uacute; drev&aacute;rska v&yacute;roba a vyv&aacute;\u017eaj&uacute; sa v&yacute;robky z dreva, a to \u010d&iacute;m zlo\u017eitej&scaron;ie a kvalitnej&scaron;ie &#8211; to je u\u017e pridan&aacute; hodnota k drevu. Vyv&aacute;\u017ea\u0165 n&aacute;bytok a mno\u017estvo in&yacute;ch v&yacute;robkov z dreva je ove\u013ea v&yacute;hodnej&scaron;ie a m&uacute;drej&scaron;ie, ako vyv&aacute;\u017ea\u0165 iba vy\u0165a\u017een&eacute; stromy.&nbsp; Ale to sa musia \u013eudia, a teda aj mlad&aacute; gener&aacute;cia nau\u010di\u0165. Jedni m&ocirc;\u017eu pracova\u0165 na p&iacute;lach a in&iacute; v doprave, \u010fal&scaron;&iacute; ako odborn&iacute; robotn&iacute;ci v prev&aacute;dzkach a e&scaron;te in&iacute; ako dizajn&eacute;ri, in&iacute; ako obchodn&iacute;ci,&nbsp; ale aj napr. v&yacute;skumn&iacute;ci, ktor&iacute; vymyslia nov&eacute; veci z tohoto &uacute;\u017easn&eacute;ho pr&iacute;rodn&eacute;ho materi&aacute;liu.<\/span><\/p>\n<p style=\"margin: 0.0px 0.0px 0.0px 0.0px; font: 16.0px Helvetica\"><span style=\"letter-spacing: 0.0px\">Alebo m&ocirc;\u017eu by\u0165 lesy nielen vy\u0165a\u017een&eacute;, ale aj vys&aacute;dzan&eacute;, o&scaron;etrovan&eacute;. Les sa mo\u017ee sta\u0165 lesopark a tvori\u0165 n&aacute;dhern&uacute; krajinu. &nbsp; &nbsp; Ale ak my aj Slovensk&yacute; raj zmen&iacute;me na slovensk&uacute; p&uacute;&scaron;\u0165 s pah&yacute;\u013emi vo v&yacute;&scaron;ke p&aacute;sa a drevo dovol&iacute;me sp&aacute;li\u0165 v hrdzav&yacute;ch kachliach &#8211; to nie je pridan&aacute;, ale starten&aacute; hodnota \/y\/&#8230;<\/span><\/p>\n<p style=\"margin: 0.0px 0.0px 0.0px 0.0px; font: 16.0px Helvetica\"><span style=\"letter-spacing: 0.0px\">&nbsp;&nbsp; &nbsp; To v&scaron;etko sa zd&aacute; samozrjem&eacute;, ale mnoho in&yacute;ch \u013eud&iacute; sa to mus&iacute; nanovo u\u010di\u0165 a in&iacute; sa musia pranierova\u0165. Developeri vyr&uacute;bu les v chr&aacute;nenom &uacute;zem&iacute; a postavia tam \u010dasto stavby, napr. hotely a cesty, ktor&eacute; by mohli st&aacute;\u0165 o kus \u010falej a posl&uacute;\u017eili by rovnako. Podobne, nie je ve\u013ek&aacute; m&uacute;dros\u0165 vy\u0165a\u017ei\u0165 lesy a vyr&uacute;ba\u0165 dospel&eacute; stromy po n&aacute;mestiach, ulo\u017ei\u0165 na nich bet&oacute;n a dla\u017edice a potom sa na nich grilova\u0165, ako sme to za\u017eili aj v\u010dera v Lu\u010denci&#8230;<\/span><\/p>\n<p style=\"margin: 0.0px 0.0px 0.0px 0.0px; font: 16.0px Helvetica; min-height: 19.0px\"><span style=\"letter-spacing: 0.0px\">&nbsp;&nbsp; &nbsp; &nbsp;<\/span><\/p>\n<p style=\"margin: 0.0px 0.0px 0.0px 0.0px; font: 16.0px Helvetica\"><span style=\"letter-spacing: 0.0px\">&nbsp;&nbsp; &nbsp; My kres\u0165ania m&aacute;me teda k viere &#8211; ktor&aacute; je darom Ducha Sv&auml;t&eacute;ho&nbsp; tie\u017e prid&aacute;va\u0165 \u010fal&scaron;ie hodnoty s Bo\u017eou pomocou. Peter spom&iacute;na najm&auml; tielo:<b> prid&aacute;vajte ku viere cnos\u0165&#8230;<\/b><\/span><\/p>\n<p style=\"margin: 0.0px 0.0px 0.0px 0.0px; font: 16.0px Helvetica\"><span style=\"letter-spacing: 0.0px\">&nbsp;&nbsp; <b>Cnos\u0165,<\/b> mor&aacute;lne Bo\u017eie z&aacute;kony, z&aacute;kony Boha Svorite\u013ea a Darcu \u017eivota, \u017eia\u013e , mnoh&iacute; u\u017e nepoznaj&uacute; a ak aj poznaj&uacute; tak nere&scaron;pektuj&uacute;. Mo\u017eno maj&uacute; vieru, ale ch&yacute;ba jej pridan&aacute; hodnota, \u010di hodnoty. Tak sa st&aacute;va staticku, ne&uacute;\u010dinnou, m\u0155tvou. Vrchlom pridanej hodnoty viery je pod\u013ea apo&scaron;tolov l&aacute;ska. Ale jej z&aacute;kladom je viera, ku ktorej postupne &#8211; a nielen deti a ml&aacute;de\u017e, le\u017e aj my v&scaron;etci dospel&iacute; kres\u0165ania <b>m&aacute;me prid&aacute;va\u0165 <\/b>s Bo\u017eou pomocou:<i> &ldquo;cnso\u0165 a k cnosti zn&aacute;mos\u0165&rdquo;.<\/i><\/span><\/p>\n<p style=\"margin: 0.0px 0.0px 0.0px 0.0px; font: 16.0px Helvetica; min-height: 19.0px\"><span style=\"letter-spacing: 0.0px\">&nbsp;<\/span><\/p>\n<p style=\"margin: 0.0px 0.0px 0.0px 0.0px; font: 16.0px Helvetica\"><span style=\"letter-spacing: 0.0px\">&nbsp; &nbsp; Na Slovensku m&aacute;me komunitu R&oacute;mskych spoluob\u010danov, ktor&iacute; podce\u0148uj&uacute; i cnos\u0165 i zn&aacute;mos\u0165. V upynulom t&yacute;\u017edni zarezonoval v spolo\u010dnosti list dvoch u\u010diteliek z <b>Dob&scaron;inej.<\/b> Otvoren&eacute;, pravdiv&eacute; a otriasaj&uacute;ce svedectvo o \u017eivote v gete r&oacute;mskych os&aacute;d, v ktor&yacute;ch&nbsp; rodi\u010dia nedbaj&uacute; o svoje vlastn&eacute; deti. Neposielaj&uacute; ich do &scaron;koly a nestaraj&uacute; sa o ne. Je to ve\u013emi smutn&eacute;&#8230;<\/span><\/p>\n<p style=\"margin: 0.0px 0.0px 0.0px 0.0px; font: 16.0px Helvetica; min-height: 19.0px\"><span style=\"letter-spacing: 0.0px\">&nbsp;&nbsp; &nbsp;<\/span><\/p>\n<p style=\"margin: 0.0px 0.0px 0.0px 0.0px; font: 16.0px Helvetica\"><span style=\"letter-spacing: 0.0px\"><b>Ja sa v&scaron;ak p&yacute;tam, pre\u010do sa tento trend, podce\u0148ovanie cnsoti a zn&aacute;mosti, podce\u0148ovanie &scaron;koly a jej pr&aacute;ce a slu\u017eby udom&aacute;c\u0148uje aj v na&scaron;ich rodin&aacute;ch a v mysliach na&scaron;ich \u017eiakov?!<\/b> Kto je za to zodpovedn&yacute;? Iste v&scaron;etci vieme, \u017ee pr&aacute;ve rodi\u010dia, Bo\u017e&iacute; z&aacute;stupcovia det&iacute; na zemi. Iste\u017ee s&uacute; aj in&eacute; pr&iacute;klady a d&aacute; sa poveda\u0165, \u017ee je ich v&auml;\u010d&scaron;ina. Ale nemo\u017eno nevidei\u0165 alarmuj&uacute;ci stav a pokles&nbsp; zodpovednosti aj v ner&oacute;mskych rodin&aacute;ch. Nechu\u0165 k u\u010deniu,&nbsp; h\u013eadanie \u013eah&scaron;ej cesty a mnoho in&yacute;ch v&aacute;\u017enych &uacute;padkov&yacute;ch prejavov. &nbsp; <b>Cnos\u0165 a zn&aacute;mos\u0165 &#8211;<\/b> ako ukazuj&uacute; monitory &scaron;koly &#8211; nerast&uacute;. Naopak klesaj&uacute;.<\/span><\/p>\n<p style=\"margin: 0.0px 0.0px 0.0px 0.0px; font: 16.0px Helvetica\"><span style=\"letter-spacing: 0.0px\">V&scaron;ekto za\u010d&iacute;na u\u017e v z&aacute;kladn&yacute;ch &scaron;kol&aacute;ch, pokra\u010duje&nbsp; na stredn&yacute;ch a vysok&yacute;ch a automaticky sa to&nbsp; pren&aacute;&scaron;a do \u017eivota celej na&scaron;ej spolo\u010dnosti! &nbsp;<\/span><\/p>\n<p style=\"margin: 0.0px 0.0px 0.0px 0.0px; font: 16.0px Helvetica\"><span style=\"letter-spacing: 0.0px\"><b>Pridan&aacute; hodnota viery<\/b> je teda predov&scaron;etk&yacute;m vzrastanie v kres\u0165anskom chovan&iacute; sa, v cnostiach, ako ich pozn&aacute;me zo \u017eivota Je\u017ei&scaron;a a Jeho apo&scaron;tolov, i mnoh&yacute;ch vern&yacute;ch kres\u0165anov.<\/span><\/p>\n<p style=\"margin: 0.0px 0.0px 0.0px 0.0px; font: 16.0px Helvetica; min-height: 19.0px\"><span style=\"letter-spacing: 0.0px\">&nbsp; &nbsp;<\/span><\/p>\n<p style=\"margin: 0.0px 0.0px 0.0px 0.0px; font: 16.0px Helvetica\"><span style=\"letter-spacing: 0.0px\">&nbsp;&nbsp; &nbsp; Za\u010dali pr&aacute;zdniny, ale apo&scaron;tolsk&aacute; v&yacute;zva je aktu&aacute;lna aj pre tieto dni. Pre rodi\u010dov, nes&uacute;cich zodpovednos\u0165 nielen za seba, ale aj za nov&eacute; gener&aacute;cie. Aj dni pr&aacute;zdnin s&uacute; vhodn&eacute;, hoci in&yacute;m sp&ocirc;sobom a in&yacute;mi cestami &#8211;&nbsp; <b>prid&aacute;va\u0165 k viere cnso\u0165, k cnosti zn&aacute;mos\u0165, k zn&aacute;moti zdr\u017eanlivos\u0165!<\/b><\/span><\/p>\n<p style=\"margin: 0.0px 0.0px 0.0px 0.0px; font: 16.0px Helvetica\"><span style=\"letter-spacing: 0.0px\">Nezdr\u017eanlivos\u0165ou si mnoh&iacute; mlad&iacute; m&ocirc;\u017eu pobabra\u0165 \u017eivot nenapravite\u013ene u\u017e na jeho za\u017eiatku.<\/span><\/p>\n<ul>\n<li style=\"margin: 0.0px 0.0px 0.0px 0.0px; font: 16.0px Helvetica\"><span style=\"letter-spacing: 0.0px\">Ke\u010f som v minulom t&yacute;\u017edni vch&aacute;dzal do &scaron;kolsk&eacute;ho are&aacute;lu, partia \u017eiakov vych&aacute;dzala zo Z&Scaron; a u\u017e v br&aacute;nke si zapa\u013eovali cigarety. Neboli to&nbsp; &ldquo;nabk&aacute;ri&rdquo; a \u017eiaci zjavne provokovali. Jendo je v&scaron;ak ist&eacute;- &nbsp; faj\u010denie nie ni\u010d &ldquo;svetov&eacute;&rdquo;- tento zlozvyk vymysleli primit&iacute;vni Indi&aacute;ni a n&aacute;morn&iacute;ci Kri&scaron;tofa Kolumbusa ho priniesli do Eur&oacute;py d&aacute;vno. Kto faj\u010d&iacute;, skracuje si \u017eivot &#8211; a sebe faj\u010d&iacute;. Nechcem hovori\u0165 o i in&yacute;ch deliktoch. Ak deti nebud&uacute; c&iacute;ti\u0165 z&aacute;ujem o seba a rodi\u010dia sa bud&uacute; zh&aacute;\u0148a\u0165 iba po peniazoch, \u013eahko sa do\u010dkaj&uacute; nemil&yacute;ch prekvapen&iacute;. &#8211;<\/span><\/li>\n<\/ul>\n<p style=\"margin: 0.0px 0.0px 0.0px 0.0px; font: 16.0px Helvetica; min-height: 19.0px\">&nbsp;<\/p>\n<p style=\"margin: 0.0px 0.0px 0.0px 0.0px; font: 16.0px Helvetica\"><span style=\"letter-spacing: 0.0px\">Pridanou hodnotou viery je aj trpezlivos\u0165. Poznanie, \u017ee v&scaron;ekto m&aacute; svoj \u010das. K trpezlivosti m&aacute;me prid&aacute;va\u0165 aj praktick&uacute; zbo\u017enos\u0165 a pobo\u017enos\u0165, ku ktorej patr&iacute; napr. re&scaron;pektovanie tretieho Bo\u017eieho prik&aacute;zania. Ak toto v&scaron;etko ch&yacute;ba &#8211; nebude&nbsp; nasledova\u0165 ani to \u010fal&scaron;ie, d&ocirc;le\u017eit&eacute; a vz&aacute;cne bohatstvo, po ktorom mnoh&iacute; m&aacute;rne volaj&uacute;:<i> &rdquo; milovanie bratstva a l&aacute;ska&rdquo;. &nbsp;<\/i><\/span><\/p>\n<p style=\"margin: 0.0px 0.0px 0.0px 0.0px; font: 16.0px Helvetica\"><span style=\"letter-spacing: 0.0px\"><i>L&aacute;ska, ako vz&aacute;jomn&aacute; slu\u017eba je najv&auml;\u010d&scaron;ou prida<\/i>nou hodnotou viery! Ak v&scaron;ak niekto chce ma\u0165 a vidie\u0165 l&aacute;sku a u\u017e&iacute;va\u0165 jej hodnotu a dar, mus&iacute; za\u010da\u0165 dole.&nbsp;<\/span><\/p>\n<p style=\"margin: 0.0px 0.0px 0.0px 0.0px; font: 16.0px Helvetica\"><span style=\"letter-spacing: 0.0px\">&nbsp;&nbsp; &nbsp; &#8211; V &scaron;porte je jasn&eacute;, \u017ee kto sa nenau\u010d&iacute; beha\u0165 a z&aacute;kladn&eacute;&nbsp; technick&eacute; prvky s loptou, ak neprid&aacute; mor&aacute;lku, trpelzivos\u0165 a vytrvalos\u0165 v tr&eacute;ningu, &uacute;ctu k s&uacute;perovi &#8211; nebude nikdy dobr&yacute; hr&aacute;\u010d! Ani klubov&yacute;, ani reprezentant..Plat&iacute; to aj v umen&iacute; a v&ocirc;bec v&scaron;ade, v celom \u017eivote.<\/span><\/p>\n<p style=\"margin: 0.0px 0.0px 0.0px 0.0px; font: 16.0px Helvetica\"><span style=\"letter-spacing: 0.0px\">&nbsp;&nbsp; &nbsp; Kres\u0165an m&aacute; e&scaron;te vy&scaron;&scaron;ie ciele a ak ich chce dosiahn&uacute;\u0165, mus&iacute; pozna\u0165 Je\u017ei&scaron;a Krista a Jeho dielo a dar viery rozv&iacute;ja\u0165 s Bo\u017eou pomocou. Kto nevie, \u017ee bol Kristom o\u010disten&yacute;, alebo sa dokonca ani nedal o\u010disti\u0165, zostane &scaron;pinav&yacute;, alebo ako hovor&iacute; apo&scaron;tol &#8211;<b> slep&yacute;!<\/b> Jeho o\u010di s&uacute; a zostan&uacute; zalepen&eacute; ne\u010distotou hriechu, i ke\u010f s&uacute; inak kr&aacute;sne modr&eacute;, alebo hned&eacute;&#8230;<\/span><\/p>\n<p style=\"margin: 0.0px 0.0px 0.0px 0.0px; font: 16.0px Helvetica; min-height: 19.0px\"><span style=\"letter-spacing: 0.0px\">&nbsp; &nbsp;<\/span><\/p>\n<p style=\"margin: 0.0px 0.0px 0.0px 0.0px; font: 16.0px Helvetica\"><span style=\"letter-spacing: 0.0px\">&nbsp; &nbsp; &nbsp; \u010eakujme dnes za to, \u010do n&aacute;m P&aacute;n Boh dal a pon&uacute;kol v uplynl&yacute;ch desiatich mesiacoch, a prosme o Bo\u017eehnaie, m&uacute;dros\u0165 a ochanu aj pre naslduj&uacute;ce dni a mesiace pr&aacute;zdnin.<\/span><\/p>\n<p style=\"margin: 0.0px 0.0px 0.0px 0.0px; font: 16.0px Helvetica\"><span style=\"letter-spacing: 0.0px\"><i>Aj tu v&scaron;ak plat&iacute; pre n&aacute;s ap. v&yacute;zva: &ldquo;Usilujte sa, bratia upevni\u0165 svoje povolanie a vyvolenie, lebo ke\u010f to urob&iacute;te, nepotknete sa nikdy&rdquo;! &#8211; <br \/>\n<\/i>Potknutie m&ocirc;\u017ee niekedy prines\u0165 p&aacute;d a iba mal&eacute; odreniny, ktor&eacute; sa zahoja, ale aj v&aacute;\u017eny &uacute;raz a traumu na cel&yacute; \u017eivot. Najv&aacute;\u017enej&scaron;&iacute;m upozornen&iacute;m je hrozba straty daru ve\u010dn&eacute;ho \u017eivota, ktor&yacute; skrze Krista P&aacute;na n&aacute;m bol z&iacute;skan&yacute; a v Krste sv&auml;tom darovan&yacute;. A predsa niektor&iacute; zbl&uacute;dili a bl&uacute;dia a nemaj&uacute; pr&iacute;stup do &ldquo;<i>ve\u010dn&eacute;ho kr&aacute;\u013eovstava n&aacute;&scaron;ho P&aacute;na a Spasite\u013ea Je\u017ei&scaron;a Krista&rdquo;.<\/i><\/span><\/p>\n<p style=\"margin: 0.0px 0.0px 0.0px 0.0px; font: 16.0px Helvetica\"><span style=\"letter-spacing: 0.0px\">&nbsp; &nbsp; &nbsp; \u010eakujme a prosme dnes za seba i za ostan&eacute; na&scaron;e kres\u0165ansk&eacute; rodiny, aby n&aacute;s pred t&yacute;m ochr&aacute;nil s&aacute;m milostiiv&yacute; Boh a P&aacute;n. Amen.<\/span><\/p>\n<p style=\"margin: 0.0px 0.0px 0.0px 0.0px; font: 16.0px Helvetica; min-height: 19.0px\">&nbsp;<\/p>\n<p style=\"margin: 0.0px 0.0px 0.0px 0.0px; font: 12.0px Helvetica\"><span style=\"letter-spacing: 0.0px\">&nbsp; &nbsp; &nbsp; &nbsp; &nbsp; &nbsp; &nbsp; &nbsp; &nbsp; &nbsp; &nbsp; &nbsp; &nbsp; &nbsp; &nbsp; &nbsp; &nbsp; &nbsp; &nbsp; &nbsp; &nbsp; &nbsp; &nbsp; &nbsp; 4.N. po Sv. Trojici 2012 &#8211; Po\u010fakovanie za &Scaron;kolsk&yacute; rok &#8211; Soboti&scaron;te, Rovensko- \u013d.Batka st. &nbsp;<\/span><\/p>\n","protected":false},"excerpt":{"rendered":"<p>&nbsp;&nbsp; &nbsp; &nbsp; &nbsp; &nbsp; &nbsp; &nbsp; &nbsp; &nbsp; &nbsp; &nbsp; &nbsp; &nbsp; &nbsp; &nbsp; &nbsp; &nbsp; &nbsp; &nbsp; &nbsp; &nbsp; &nbsp; &nbsp; &nbsp; &nbsp; &nbsp; &nbsp; &nbsp; &nbsp;Pridan&aacute; hodnota viery 2 Pt 1, 3-11: &ldquo;Ako n&aacute;m Jeho bo\u017esk&aacute; moc v zn&aacute;mosti Toho, ktor&yacute; n&aacute;s povolal svojou sl&aacute;vou a cnos\u0165ou, darovala v&scaron;etko potrebn&eacute; pre \u017eivot &#8230; <a title=\"Pridan\u00e1 hodnota viery\" class=\"read-more\" href=\"https:\/\/www.e-anjelik.sk\/index.php\/2012\/07\/15\/pridana-hodnota-viery\/\" aria-label=\"Pre\u010d\u00edtajte si viac o Pridan\u00e1 hodnota viery\">\u010c\u00edta\u0165 viac<\/a><\/p>\n","protected":false},"author":4,"featured_media":0,"comment_status":"open","ping_status":"open","sticky":false,"template":"","format":"standard","meta":{"footnotes":""},"categories":[119,95],"tags":[249,192],"class_list":["post-4527","post","type-post","status-publish","format-standard","hentry","category-obdobie-po-sv-trojici","category-sobotiste","tag-bohosluzby","tag-kazen"],"_links":{"self":[{"href":"https:\/\/www.e-anjelik.sk\/index.php\/wp-json\/wp\/v2\/posts\/4527","targetHints":{"allow":["GET"]}}],"collection":[{"href":"https:\/\/www.e-anjelik.sk\/index.php\/wp-json\/wp\/v2\/posts"}],"about":[{"href":"https:\/\/www.e-anjelik.sk\/index.php\/wp-json\/wp\/v2\/types\/post"}],"author":[{"embeddable":true,"href":"https:\/\/www.e-anjelik.sk\/index.php\/wp-json\/wp\/v2\/users\/4"}],"replies":[{"embeddable":true,"href":"https:\/\/www.e-anjelik.sk\/index.php\/wp-json\/wp\/v2\/comments?post=4527"}],"version-history":[{"count":0,"href":"https:\/\/www.e-anjelik.sk\/index.php\/wp-json\/wp\/v2\/posts\/4527\/revisions"}],"wp:attachment":[{"href":"https:\/\/www.e-anjelik.sk\/index.php\/wp-json\/wp\/v2\/media?parent=4527"}],"wp:term":[{"taxonomy":"category","embeddable":true,"href":"https:\/\/www.e-anjelik.sk\/index.php\/wp-json\/wp\/v2\/categories?post=4527"},{"taxonomy":"post_tag","embeddable":true,"href":"https:\/\/www.e-anjelik.sk\/index.php\/wp-json\/wp\/v2\/tags?post=4527"}],"curies":[{"name":"wp","href":"https:\/\/api.w.org\/{rel}","templated":true}]}}