{"id":4530,"date":"2012-07-16T06:21:38","date_gmt":"2012-07-16T06:21:38","guid":{"rendered":"http:\/\/e-anjelik.sk\/?p=4530"},"modified":"2012-07-16T06:21:38","modified_gmt":"2012-07-16T06:21:38","slug":"viacej-solidarity-medzi-generaciami","status":"publish","type":"post","link":"https:\/\/www.e-anjelik.sk\/index.php\/2012\/07\/16\/viacej-solidarity-medzi-generaciami\/","title":{"rendered":"Viacej solidarity medzi gener\u00e1ciami"},"content":{"rendered":"<p>&nbsp;Vo &scaron;tvrtok 12. j&uacute;la 2012 sa v Bruseli stretlo 24 predstavite\u013eov n&aacute;bo\u017eensk&yacute;ch organiz&aacute;ci&iacute; Eur&oacute;py so &scaron;pi\u010dkami EU komisi&iacute;, Rady a parlamentu EU, aby diskutovali na t&eacute;mu solidarita. Predstavitelia n&aacute;b. organiz&aacute;ci&iacute; (kres\u0165anov, moslimov, judaizmu, bahaizmu a budhizmu) apelovali na predstavite\u013eov EU, aby sa viacej dbalo v \u010dase ekonomickej kr&iacute;zy o solidaritu medzi gener&aacute;ciami. Ide najm&auml; o pomoc rodin&aacute;m, .mlad&yacute;m \u013eu\u010fom a seniorom.<\/p>\n<p>(www.ekd.de)<\/p>\n","protected":false},"excerpt":{"rendered":"<p>&nbsp;Vo &scaron;tvrtok 12. j&uacute;la 2012 sa v Bruseli stretlo 24 predstavite\u013eov n&aacute;bo\u017eensk&yacute;ch organiz&aacute;ci&iacute; Eur&oacute;py so &scaron;pi\u010dkami EU komisi&iacute;, Rady a parlamentu EU, aby diskutovali na t&eacute;mu solidarita. Predstavitelia n&aacute;b. organiz&aacute;ci&iacute; (kres\u0165anov, moslimov, judaizmu, bahaizmu a budhizmu) apelovali na predstavite\u013eov EU, aby sa viacej dbalo v \u010dase ekonomickej kr&iacute;zy o solidaritu medzi gener&aacute;ciami. Ide najm&auml; o &#8230; <a title=\"Viacej solidarity medzi gener\u00e1ciami\" class=\"read-more\" href=\"https:\/\/www.e-anjelik.sk\/index.php\/2012\/07\/16\/viacej-solidarity-medzi-generaciami\/\" aria-label=\"Pre\u010d\u00edtajte si viac o Viacej solidarity medzi gener\u00e1ciami\">\u010c\u00edta\u0165 viac<\/a><\/p>\n","protected":false},"author":22,"featured_media":0,"comment_status":"open","ping_status":"open","sticky":false,"template":"","format":"standard","meta":{"footnotes":""},"categories":[9],"tags":[],"class_list":["post-4530","post","type-post","status-publish","format-standard","hentry","category-europa"],"_links":{"self":[{"href":"https:\/\/www.e-anjelik.sk\/index.php\/wp-json\/wp\/v2\/posts\/4530","targetHints":{"allow":["GET"]}}],"collection":[{"href":"https:\/\/www.e-anjelik.sk\/index.php\/wp-json\/wp\/v2\/posts"}],"about":[{"href":"https:\/\/www.e-anjelik.sk\/index.php\/wp-json\/wp\/v2\/types\/post"}],"author":[{"embeddable":true,"href":"https:\/\/www.e-anjelik.sk\/index.php\/wp-json\/wp\/v2\/users\/22"}],"replies":[{"embeddable":true,"href":"https:\/\/www.e-anjelik.sk\/index.php\/wp-json\/wp\/v2\/comments?post=4530"}],"version-history":[{"count":0,"href":"https:\/\/www.e-anjelik.sk\/index.php\/wp-json\/wp\/v2\/posts\/4530\/revisions"}],"wp:attachment":[{"href":"https:\/\/www.e-anjelik.sk\/index.php\/wp-json\/wp\/v2\/media?parent=4530"}],"wp:term":[{"taxonomy":"category","embeddable":true,"href":"https:\/\/www.e-anjelik.sk\/index.php\/wp-json\/wp\/v2\/categories?post=4530"},{"taxonomy":"post_tag","embeddable":true,"href":"https:\/\/www.e-anjelik.sk\/index.php\/wp-json\/wp\/v2\/tags?post=4530"}],"curies":[{"name":"wp","href":"https:\/\/api.w.org\/{rel}","templated":true}]}}