{"id":4537,"date":"2012-07-17T07:22:05","date_gmt":"2012-07-17T07:22:05","guid":{"rendered":"http:\/\/e-anjelik.sk\/?p=4537"},"modified":"2012-07-17T07:22:05","modified_gmt":"2012-07-17T07:22:05","slug":"18-jul","status":"publish","type":"post","link":"https:\/\/www.e-anjelik.sk\/index.php\/2012\/07\/17\/18-jul\/","title":{"rendered":"18. J\u00daL"},"content":{"rendered":"<p>                                                         18. J\u00daL<\/p>\n<p>&#8230;a nikto to nem\u00f4\u017ee vytrhn\u00fa\u0165 Otcovi z ruky.<\/p>\n<p>                                                                                                                                                            J\u00e1n 10, 29 b<\/p>\n<p>     Pochv\u00e1len\u00fd bu\u010f naveky Ten, ktor\u00fd jedin\u00fd je prav\u00fdm a vern\u00fdm Pastierom a Biskupom v\u0161etk\u00fdch du\u0161\u00ed, ktor\u00e9 v Neho veria. Pri mne prvom sa neza\u010dne u\u010di\u0165 ako svojich, ktor\u00ed Jeho hlas po\u010d\u00favaj\u00fa a zachov\u00e1vaj\u00fa, m\u00e1 ochra\u0148ova\u0165 pred mocou diabla, zlobou a tyraniou sveta. Zas\u013eubuje: Nemaj\u00fa nikdy zahyn\u00fa\u0165. Nikto ich nevytrhne z mojej ruky.<\/p>\n<p>    Pri tom chcem zosta\u0165, nebudem sa u\u017e um\u00e1ra\u0165, ako sa o svoju du\u0161u stara\u0165, a vo svojej ruke a moci ochra\u0148ova\u0165, &#8211; bola by skuto\u010dne nedostato\u010dne zaopatren\u00e1. Lebo diabol by ju mohol v ka\u017edej chv\u00edli vytrhn\u00fa\u0165 a zhltn\u00fa\u0165. Tis\u00edckr\u00e1t mi je mil\u0161ie, \u017ee On ju m\u00e1 vo svojej ruke; v nej m\u00f4\u017ee pod\u013ea Jeho slova by\u0165 a zosta\u0165 v bezpe\u010d\u00ed.<\/p>\n<p>                                                              Martin Luther: Smerovn\u00edk kres\u0165anskej cesty<\/p>\n","protected":false},"excerpt":{"rendered":"<p>18. J\u00daL &#8230;a nikto to nem\u00f4\u017ee vytrhn\u00fa\u0165 Otcovi z ruky. J\u00e1n 10, 29 b Pochv\u00e1len\u00fd bu\u010f naveky Ten, ktor\u00fd jedin\u00fd je prav\u00fdm a vern\u00fdm Pastierom a Biskupom v\u0161etk\u00fdch du\u0161\u00ed, ktor\u00e9 v Neho veria. Pri mne prvom sa neza\u010dne u\u010di\u0165 ako svojich, ktor\u00ed Jeho hlas po\u010d\u00favaj\u00fa a zachov\u00e1vaj\u00fa, m\u00e1 ochra\u0148ova\u0165 pred mocou diabla, zlobou a tyraniou &#8230; <a title=\"18. J\u00daL\" class=\"read-more\" href=\"https:\/\/www.e-anjelik.sk\/index.php\/2012\/07\/17\/18-jul\/\" aria-label=\"Pre\u010d\u00edtajte si viac o 18. J\u00daL\">\u010c\u00edta\u0165 viac<\/a><\/p>\n","protected":false},"author":4,"featured_media":0,"comment_status":"open","ping_status":"open","sticky":false,"template":"","format":"standard","meta":{"footnotes":""},"categories":[1],"tags":[],"class_list":["post-4537","post","type-post","status-publish","format-standard","hentry","category-adventna-modlitba"],"_links":{"self":[{"href":"https:\/\/www.e-anjelik.sk\/index.php\/wp-json\/wp\/v2\/posts\/4537","targetHints":{"allow":["GET"]}}],"collection":[{"href":"https:\/\/www.e-anjelik.sk\/index.php\/wp-json\/wp\/v2\/posts"}],"about":[{"href":"https:\/\/www.e-anjelik.sk\/index.php\/wp-json\/wp\/v2\/types\/post"}],"author":[{"embeddable":true,"href":"https:\/\/www.e-anjelik.sk\/index.php\/wp-json\/wp\/v2\/users\/4"}],"replies":[{"embeddable":true,"href":"https:\/\/www.e-anjelik.sk\/index.php\/wp-json\/wp\/v2\/comments?post=4537"}],"version-history":[{"count":0,"href":"https:\/\/www.e-anjelik.sk\/index.php\/wp-json\/wp\/v2\/posts\/4537\/revisions"}],"wp:attachment":[{"href":"https:\/\/www.e-anjelik.sk\/index.php\/wp-json\/wp\/v2\/media?parent=4537"}],"wp:term":[{"taxonomy":"category","embeddable":true,"href":"https:\/\/www.e-anjelik.sk\/index.php\/wp-json\/wp\/v2\/categories?post=4537"},{"taxonomy":"post_tag","embeddable":true,"href":"https:\/\/www.e-anjelik.sk\/index.php\/wp-json\/wp\/v2\/tags?post=4537"}],"curies":[{"name":"wp","href":"https:\/\/api.w.org\/{rel}","templated":true}]}}