{"id":4539,"date":"2012-07-18T06:35:02","date_gmt":"2012-07-18T06:35:02","guid":{"rendered":"http:\/\/e-anjelik.sk\/?p=4539"},"modified":"2012-07-18T06:35:02","modified_gmt":"2012-07-18T06:35:02","slug":"tichy-tyzden-v-pilisskej-cabe-madarsko","status":"publish","type":"post","link":"https:\/\/www.e-anjelik.sk\/index.php\/2012\/07\/18\/tichy-tyzden-v-pilisskej-cabe-madarsko\/","title":{"rendered":"Tich\u00fd t\u00fd\u017ede\u0148 v Pil\u00ed\u0161skej \u010cabe, Ma\u010farsko"},"content":{"rendered":"<p>&nbsp;V evanjelickom stredisku Bethel v Pil&iacute;&scaron;skej \u010cabe ,MR, sa v d\u0148och 9. a\u017e 14. j&uacute;la 2012 konal pravideln&yacute; letn&yacute; rodinn&yacute; Tich&yacute; t&yacute;\u017ede\u0148. Organizovalo ho a viedlo Spolo\u010denstvo evanjelikov pre evanjelium (EKE). Na rann&yacute;ch pobo\u017enostiach sa preberali evanjeliov&eacute; pr&iacute;behy P&aacute;na Je\u017ei&scaron;a vo vz\u0165ahu k piatim u\u010den&iacute;kom: Petrovi, Tom&aacute;&scaron;ovi, J&aacute;novi, Jakubovi a Ondrejovi. Na predpolud\u0148ov&yacute;ch skupinov&yacute;ch rozhovoroch h\u013eadali odpovede na ot&aacute;zku, ktor&eacute; s&uacute; hlavn&eacute; charakteristiky \u013eud&iacute;,sp&auml;t&yacute;ch s Je\u017ei&scaron;om. Kres\u0165an:zdrav&yacute;, modliaci sa, v\u010fa\u010dn&yacute; a odp&uacute;&scaron;\u0165aj&uacute;ci.Popoludn&iacute; po n&aacute;cviku piesn&iacute; sa rie&scaron;ili hor&uacute;ce ot&aacute;zky rod&iacute;n Bo\u017e&iacute;ch det&iacute;. Ve\u010dern&eacute; s&eacute;rie evanjeliz&aacute;ci&iacute; viedol far&aacute;r z Nire\u010fh&aacute;ze L&aacute;szl&oacute; Ad&aacute;mi na t&eacute;mu o bohatom ml&aacute;dencovi. Deti na podujat&iacute; mali svoje osobitn&eacute; programy.<\/p>\n<p>(www.evangelikus.hu)<\/p>\n","protected":false},"excerpt":{"rendered":"<p>&nbsp;V evanjelickom stredisku Bethel v Pil&iacute;&scaron;skej \u010cabe ,MR, sa v d\u0148och 9. a\u017e 14. j&uacute;la 2012 konal pravideln&yacute; letn&yacute; rodinn&yacute; Tich&yacute; t&yacute;\u017ede\u0148. Organizovalo ho a viedlo Spolo\u010denstvo evanjelikov pre evanjelium (EKE). Na rann&yacute;ch pobo\u017enostiach sa preberali evanjeliov&eacute; pr&iacute;behy P&aacute;na Je\u017ei&scaron;a vo vz\u0165ahu k piatim u\u010den&iacute;kom: Petrovi, Tom&aacute;&scaron;ovi, J&aacute;novi, Jakubovi a Ondrejovi. Na predpolud\u0148ov&yacute;ch skupinov&yacute;ch rozhovoroch &#8230; <a title=\"Tich\u00fd t\u00fd\u017ede\u0148 v Pil\u00ed\u0161skej \u010cabe, Ma\u010farsko\" class=\"read-more\" href=\"https:\/\/www.e-anjelik.sk\/index.php\/2012\/07\/18\/tichy-tyzden-v-pilisskej-cabe-madarsko\/\" aria-label=\"Pre\u010d\u00edtajte si viac o Tich\u00fd t\u00fd\u017ede\u0148 v Pil\u00ed\u0161skej \u010cabe, Ma\u010farsko\">\u010c\u00edta\u0165 viac<\/a><\/p>\n","protected":false},"author":22,"featured_media":0,"comment_status":"open","ping_status":"open","sticky":false,"template":"","format":"standard","meta":{"footnotes":""},"categories":[1],"tags":[234],"class_list":["post-4539","post","type-post","status-publish","format-standard","hentry","category-adventna-modlitba","tag-zdruzenia-a-skupiny"],"_links":{"self":[{"href":"https:\/\/www.e-anjelik.sk\/index.php\/wp-json\/wp\/v2\/posts\/4539","targetHints":{"allow":["GET"]}}],"collection":[{"href":"https:\/\/www.e-anjelik.sk\/index.php\/wp-json\/wp\/v2\/posts"}],"about":[{"href":"https:\/\/www.e-anjelik.sk\/index.php\/wp-json\/wp\/v2\/types\/post"}],"author":[{"embeddable":true,"href":"https:\/\/www.e-anjelik.sk\/index.php\/wp-json\/wp\/v2\/users\/22"}],"replies":[{"embeddable":true,"href":"https:\/\/www.e-anjelik.sk\/index.php\/wp-json\/wp\/v2\/comments?post=4539"}],"version-history":[{"count":0,"href":"https:\/\/www.e-anjelik.sk\/index.php\/wp-json\/wp\/v2\/posts\/4539\/revisions"}],"wp:attachment":[{"href":"https:\/\/www.e-anjelik.sk\/index.php\/wp-json\/wp\/v2\/media?parent=4539"}],"wp:term":[{"taxonomy":"category","embeddable":true,"href":"https:\/\/www.e-anjelik.sk\/index.php\/wp-json\/wp\/v2\/categories?post=4539"},{"taxonomy":"post_tag","embeddable":true,"href":"https:\/\/www.e-anjelik.sk\/index.php\/wp-json\/wp\/v2\/tags?post=4539"}],"curies":[{"name":"wp","href":"https:\/\/api.w.org\/{rel}","templated":true}]}}