{"id":4542,"date":"2012-07-18T20:29:18","date_gmt":"2012-07-18T20:29:18","guid":{"rendered":"http:\/\/e-anjelik.sk\/?p=4542"},"modified":"2012-07-18T20:29:18","modified_gmt":"2012-07-18T20:29:18","slug":"odvolany-arcibiskup-r-bezak-mieri-do-ecav","status":"publish","type":"post","link":"https:\/\/www.e-anjelik.sk\/index.php\/2012\/07\/18\/odvolany-arcibiskup-r-bezak-mieri-do-ecav\/","title":{"rendered":"Odvolan\u00fd arcibiskup R. Bez\u00e1k mieri do  ECAV?"},"content":{"rendered":"<p>Noviny Obseravtore Romale priniesli dnes zauj&iacute;mav&uacute; &uacute;vahu, ktor&aacute; sa zaklad&aacute; na spr&aacute;ve p&aacute;pe\u017esk&eacute;ho nuncia, ktor&yacute; sa v\u010dera z&uacute;\u010dasnil v&yacute;jazdov&eacute;ho rokovanie Konferencie biskupov a arcibiskupov Slovenska. Ot&aacute;zka, ktor&aacute; sa tam rie&scaron;ila bola: kam mieri R.Bez&aacute;k? V&yacute;roky, ktor&eacute; KBS zamest&aacute;vaj&uacute; s&uacute; najm&auml; tieto:<em> &quot;Boh nie je katol&iacute;k<\/em>&quot;.- KBS to vyhohnotila ako n&aacute;beh k her&eacute;ze. (Je Boh azda&nbsp; luter&aacute;n ?! &#8211; )&nbsp; Druh&aacute; v&aacute;\u017ena vec je, \u017ee R.Bez&aacute;k viackr&aacute;t verejne spomenul, <em>\u017ee<\/em><em> si ve\u013emi v&aacute;\u017ei rodinu a man\u017eelstvo<\/em>.&nbsp; &#8211; Zd&aacute; sa, \u017ee chce opusti\u0165 komunitu, ktorou sa obklopil a chce si vytvori\u0165 rodinu vlastn&uacute; &#8211; Tie\u017e sa treba zaobera\u0165 jeho v&yacute;rokom:&quot;<em> M&aacute;m r&aacute;d rock&quot;<\/em>. &#8211; Tak&yacute;ch duchovn&yacute;ch rkc., ktor&iacute; zat&uacute;\u017eili po&quot;luther rock&quot;- &quot;luterovej sukni- luter&aacute;ku) na Slovensku bolo a je viac. &#8211; Nunius zd&ocirc;raznil, \u017ee sv&auml;t&yacute; otec sa t&yacute;mito v&yacute;hradami zn&aacute;mymi na Slovensku v&aacute;\u017ene zaoberal u\u017e d&aacute;vnej&scaron;iel.<\/p>\n<p>Prevzala ag.tbc.- uh.se.)<\/p>\n","protected":false},"excerpt":{"rendered":"<p>Noviny Obseravtore Romale priniesli dnes zauj&iacute;mav&uacute; &uacute;vahu, ktor&aacute; sa zaklad&aacute; na spr&aacute;ve p&aacute;pe\u017esk&eacute;ho nuncia, ktor&yacute; sa v\u010dera z&uacute;\u010dasnil v&yacute;jazdov&eacute;ho rokovanie Konferencie biskupov a arcibiskupov Slovenska. Ot&aacute;zka, ktor&aacute; sa tam rie&scaron;ila bola: kam mieri R.Bez&aacute;k? V&yacute;roky, ktor&eacute; KBS zamest&aacute;vaj&uacute; s&uacute; najm&auml; tieto: &quot;Boh nie je katol&iacute;k&quot;.- KBS to vyhohnotila ako n&aacute;beh k her&eacute;ze. (Je Boh azda&nbsp; &#8230; <a title=\"Odvolan\u00fd arcibiskup R. Bez\u00e1k mieri do  ECAV?\" class=\"read-more\" href=\"https:\/\/www.e-anjelik.sk\/index.php\/2012\/07\/18\/odvolany-arcibiskup-r-bezak-mieri-do-ecav\/\" aria-label=\"Pre\u010d\u00edtajte si viac o Odvolan\u00fd arcibiskup R. Bez\u00e1k mieri do  ECAV?\">\u010c\u00edta\u0165 viac<\/a><\/p>\n","protected":false},"author":8,"featured_media":0,"comment_status":"open","ping_status":"open","sticky":false,"template":"","format":"standard","meta":{"footnotes":""},"categories":[1],"tags":[300],"class_list":["post-4542","post","type-post","status-publish","format-standard","hentry","category-adventna-modlitba","tag-uhorkova-sezona"],"_links":{"self":[{"href":"https:\/\/www.e-anjelik.sk\/index.php\/wp-json\/wp\/v2\/posts\/4542","targetHints":{"allow":["GET"]}}],"collection":[{"href":"https:\/\/www.e-anjelik.sk\/index.php\/wp-json\/wp\/v2\/posts"}],"about":[{"href":"https:\/\/www.e-anjelik.sk\/index.php\/wp-json\/wp\/v2\/types\/post"}],"author":[{"embeddable":true,"href":"https:\/\/www.e-anjelik.sk\/index.php\/wp-json\/wp\/v2\/users\/8"}],"replies":[{"embeddable":true,"href":"https:\/\/www.e-anjelik.sk\/index.php\/wp-json\/wp\/v2\/comments?post=4542"}],"version-history":[{"count":0,"href":"https:\/\/www.e-anjelik.sk\/index.php\/wp-json\/wp\/v2\/posts\/4542\/revisions"}],"wp:attachment":[{"href":"https:\/\/www.e-anjelik.sk\/index.php\/wp-json\/wp\/v2\/media?parent=4542"}],"wp:term":[{"taxonomy":"category","embeddable":true,"href":"https:\/\/www.e-anjelik.sk\/index.php\/wp-json\/wp\/v2\/categories?post=4542"},{"taxonomy":"post_tag","embeddable":true,"href":"https:\/\/www.e-anjelik.sk\/index.php\/wp-json\/wp\/v2\/tags?post=4542"}],"curies":[{"name":"wp","href":"https:\/\/api.w.org\/{rel}","templated":true}]}}