{"id":4551,"date":"2012-07-21T06:53:45","date_gmt":"2012-07-21T06:53:45","guid":{"rendered":"http:\/\/e-anjelik.sk\/?p=4551"},"modified":"2012-07-21T06:53:45","modified_gmt":"2012-07-21T06:53:45","slug":"s-papezem-proti-homoherezi","status":"publish","type":"post","link":"https:\/\/www.e-anjelik.sk\/index.php\/2012\/07\/21\/s-papezem-proti-homoherezi\/","title":{"rendered":"S pape\u017eem proti homoherezi"},"content":{"rendered":"<p>&nbsp;Pod t&yacute;mto n&aacute;zvom vy&scaron;la kniha po\u013esk&eacute;ho autora Dariusza Oka , ktor&yacute; sk&uacute;mal probl&eacute;m gayov v katol&iacute;ckej cirkvi na z&aacute;klade faktov . \u010cesk&eacute; vysielanie Vatik&aacute;nskeho rozhlasu ka\u017ed&uacute; stredu vysiela \u010d&iacute;tanie z tejto knihy. T&uacute;to stredu 18. j&uacute;la to bolo u\u017e tretie pokra\u010dovanie. Kto nem&aacute; mo\u017enos\u0165 toto vysielanie po\u010d&uacute;va\u0165, m&ocirc;\u017ee si ho pod t&yacute;mto n&aacute;zvom vyvola\u0165 vo vyh\u013ead&aacute;va\u010di a n&aacute;jde tam tieto odvysielan&eacute; texty. S&aacute;m som bol ve\u013emi prekvapen&yacute;, \u010do v&scaron;etko som sa tam dozvedel. Nikdy by som to nebol predpokladal. Je to jednoducho a\u017e &scaron;okuj&uacute;ce.&nbsp;<\/p>\n","protected":false},"excerpt":{"rendered":"<p>&nbsp;Pod t&yacute;mto n&aacute;zvom vy&scaron;la kniha po\u013esk&eacute;ho autora Dariusza Oka , ktor&yacute; sk&uacute;mal probl&eacute;m gayov v katol&iacute;ckej cirkvi na z&aacute;klade faktov . \u010cesk&eacute; vysielanie Vatik&aacute;nskeho rozhlasu ka\u017ed&uacute; stredu vysiela \u010d&iacute;tanie z tejto knihy. T&uacute;to stredu 18. j&uacute;la to bolo u\u017e tretie pokra\u010dovanie. Kto nem&aacute; mo\u017enos\u0165 toto vysielanie po\u010d&uacute;va\u0165, m&ocirc;\u017ee si ho pod t&yacute;mto n&aacute;zvom vyvola\u0165 vo &#8230; <a title=\"S pape\u017eem proti homoherezi\" class=\"read-more\" href=\"https:\/\/www.e-anjelik.sk\/index.php\/2012\/07\/21\/s-papezem-proti-homoherezi\/\" aria-label=\"Pre\u010d\u00edtajte si viac o S pape\u017eem proti homoherezi\">\u010c\u00edta\u0165 viac<\/a><\/p>\n","protected":false},"author":22,"featured_media":0,"comment_status":"open","ping_status":"open","sticky":false,"template":"","format":"standard","meta":{"footnotes":""},"categories":[1],"tags":[301],"class_list":["post-4551","post","type-post","status-publish","format-standard","hentry","category-adventna-modlitba","tag-papez"],"_links":{"self":[{"href":"https:\/\/www.e-anjelik.sk\/index.php\/wp-json\/wp\/v2\/posts\/4551","targetHints":{"allow":["GET"]}}],"collection":[{"href":"https:\/\/www.e-anjelik.sk\/index.php\/wp-json\/wp\/v2\/posts"}],"about":[{"href":"https:\/\/www.e-anjelik.sk\/index.php\/wp-json\/wp\/v2\/types\/post"}],"author":[{"embeddable":true,"href":"https:\/\/www.e-anjelik.sk\/index.php\/wp-json\/wp\/v2\/users\/22"}],"replies":[{"embeddable":true,"href":"https:\/\/www.e-anjelik.sk\/index.php\/wp-json\/wp\/v2\/comments?post=4551"}],"version-history":[{"count":0,"href":"https:\/\/www.e-anjelik.sk\/index.php\/wp-json\/wp\/v2\/posts\/4551\/revisions"}],"wp:attachment":[{"href":"https:\/\/www.e-anjelik.sk\/index.php\/wp-json\/wp\/v2\/media?parent=4551"}],"wp:term":[{"taxonomy":"category","embeddable":true,"href":"https:\/\/www.e-anjelik.sk\/index.php\/wp-json\/wp\/v2\/categories?post=4551"},{"taxonomy":"post_tag","embeddable":true,"href":"https:\/\/www.e-anjelik.sk\/index.php\/wp-json\/wp\/v2\/tags?post=4551"}],"curies":[{"name":"wp","href":"https:\/\/api.w.org\/{rel}","templated":true}]}}