{"id":4566,"date":"2012-07-24T06:43:21","date_gmt":"2012-07-24T06:43:21","guid":{"rendered":"http:\/\/e-anjelik.sk\/?p=4566"},"modified":"2012-07-24T06:43:21","modified_gmt":"2012-07-24T06:43:21","slug":"boj-proti-aids-v-afrike-ukazuje-pozitivny-vysledok","status":"publish","type":"post","link":"https:\/\/www.e-anjelik.sk\/index.php\/2012\/07\/24\/boj-proti-aids-v-afrike-ukazuje-pozitivny-vysledok\/","title":{"rendered":"Boj proti aids v Afrike ukazuje pozit\u00edvny v\u00fdsledok"},"content":{"rendered":"<p>&nbsp;Riadite\u013eka &quot;Brot fuer die Welt&quot;, ev. far&aacute;rka Cornelia Fuelllkrug Weitzel na svetovej konferencii proti aids vo Washingtone vyhl&aacute;sila, \u017ee v boji proti aids netreba po\u013eavova\u0165, aj ke\u010f v Afrike vidno za ostatn&eacute; roky pokles v po\u010dte nov&yacute;ch pr&iacute;padov. Farmaceutick&eacute; spolo\u010dnosti by mali vyr&aacute;ba\u0165 tak&eacute; lieky, aby sa dali pou\u017ei\u0165 v Afrike aj bez chladni\u010diek a bez \u010d&iacute;tania n&aacute;vodov. Ju\u017ene od Sahary \u017eij&uacute; dnes dve tretiny infikovan&yacute;ch na aids, t.j. 34,2 mili&oacute;na obyvate\u013eov. Konferencia sa kon&aacute; od 22. do 27. j&uacute;la t.r. a z&uacute;\u010dast\u0148uje sa na nej do 20 tis&iacute;c odborn&iacute;kov &#8211; lek&aacute;rov, vedcov, politikov a aktivistov v boji proti aids.<\/p>\n<p>(www.ekd.de)<\/p>\n","protected":false},"excerpt":{"rendered":"<p>&nbsp;Riadite\u013eka &quot;Brot fuer die Welt&quot;, ev. far&aacute;rka Cornelia Fuelllkrug Weitzel na svetovej konferencii proti aids vo Washingtone vyhl&aacute;sila, \u017ee v boji proti aids netreba po\u013eavova\u0165, aj ke\u010f v Afrike vidno za ostatn&eacute; roky pokles v po\u010dte nov&yacute;ch pr&iacute;padov. Farmaceutick&eacute; spolo\u010dnosti by mali vyr&aacute;ba\u0165 tak&eacute; lieky, aby sa dali pou\u017ei\u0165 v Afrike aj bez chladni\u010diek a &#8230; <a title=\"Boj proti aids v Afrike ukazuje pozit\u00edvny v\u00fdsledok\" class=\"read-more\" href=\"https:\/\/www.e-anjelik.sk\/index.php\/2012\/07\/24\/boj-proti-aids-v-afrike-ukazuje-pozitivny-vysledok\/\" aria-label=\"Pre\u010d\u00edtajte si viac o Boj proti aids v Afrike ukazuje pozit\u00edvny v\u00fdsledok\">\u010c\u00edta\u0165 viac<\/a><\/p>\n","protected":false},"author":22,"featured_media":0,"comment_status":"open","ping_status":"open","sticky":false,"template":"","format":"standard","meta":{"footnotes":""},"categories":[1],"tags":[234],"class_list":["post-4566","post","type-post","status-publish","format-standard","hentry","category-adventna-modlitba","tag-zdruzenia-a-skupiny"],"_links":{"self":[{"href":"https:\/\/www.e-anjelik.sk\/index.php\/wp-json\/wp\/v2\/posts\/4566","targetHints":{"allow":["GET"]}}],"collection":[{"href":"https:\/\/www.e-anjelik.sk\/index.php\/wp-json\/wp\/v2\/posts"}],"about":[{"href":"https:\/\/www.e-anjelik.sk\/index.php\/wp-json\/wp\/v2\/types\/post"}],"author":[{"embeddable":true,"href":"https:\/\/www.e-anjelik.sk\/index.php\/wp-json\/wp\/v2\/users\/22"}],"replies":[{"embeddable":true,"href":"https:\/\/www.e-anjelik.sk\/index.php\/wp-json\/wp\/v2\/comments?post=4566"}],"version-history":[{"count":0,"href":"https:\/\/www.e-anjelik.sk\/index.php\/wp-json\/wp\/v2\/posts\/4566\/revisions"}],"wp:attachment":[{"href":"https:\/\/www.e-anjelik.sk\/index.php\/wp-json\/wp\/v2\/media?parent=4566"}],"wp:term":[{"taxonomy":"category","embeddable":true,"href":"https:\/\/www.e-anjelik.sk\/index.php\/wp-json\/wp\/v2\/categories?post=4566"},{"taxonomy":"post_tag","embeddable":true,"href":"https:\/\/www.e-anjelik.sk\/index.php\/wp-json\/wp\/v2\/tags?post=4566"}],"curies":[{"name":"wp","href":"https:\/\/api.w.org\/{rel}","templated":true}]}}