{"id":4571,"date":"2012-07-25T06:42:20","date_gmt":"2012-07-25T06:42:20","guid":{"rendered":"http:\/\/e-anjelik.sk\/?p=4571"},"modified":"2012-07-25T06:42:20","modified_gmt":"2012-07-25T06:42:20","slug":"hudobne-slavnosti-v-strednom-nemecku-venovane-lutherovi-a-hudbe","status":"publish","type":"post","link":"https:\/\/www.e-anjelik.sk\/index.php\/2012\/07\/25\/hudobne-slavnosti-v-strednom-nemecku-venovane-lutherovi-a-hudbe\/","title":{"rendered":"Hudobn\u00e9 sl\u00e1vnosti v Strednom Nemecku venovan\u00e9 Lutherovi a hudbe"},"content":{"rendered":"<p>&nbsp;Hudobn&eacute; sl&aacute;vnosti Heinricha Schuetza bud&uacute; sa tento rok nies\u0165 v znamen&iacute; hesla &quot;Hrad prepevn&yacute;&#8230;&quot; a bud&uacute; venovan&eacute; Lutherovi a hudbe. Sl&aacute;vnosti sa za\u010dn&uacute; 12. okt&oacute;bra 2012 vo Frauenkirche v Dr&aacute;\u017e\u010fanoch, potom bud&uacute; pokra\u010dova\u0165 40 podujatiami po mest&aacute;ch Saska, Dur&iacute;nska a Saska-Anhaltska do 21. okt&oacute;bra. H.Schuetz je v&yacute;znamn&yacute; ev. skladate\u013e (nar. r. 1585). Pri 100. v&yacute;ro\u010d&iacute; reform&aacute;cie zlo\u017eil dielo &quot;D&aacute;vidov&eacute; \u017ealmy&quot;. Obsahuj&uacute; 26 kompoz&iacute;cii. V&scaron;etky tieto skladby predvedie na t&yacute;chto sl&aacute;vnostiach Dr&aacute;\u017e\u010fansk&yacute; komorn&yacute; zbor.<\/p>\n<p>(www.ekmd.de)<\/p>\n","protected":false},"excerpt":{"rendered":"<p>&nbsp;Hudobn&eacute; sl&aacute;vnosti Heinricha Schuetza bud&uacute; sa tento rok nies\u0165 v znamen&iacute; hesla &quot;Hrad prepevn&yacute;&#8230;&quot; a bud&uacute; venovan&eacute; Lutherovi a hudbe. Sl&aacute;vnosti sa za\u010dn&uacute; 12. okt&oacute;bra 2012 vo Frauenkirche v Dr&aacute;\u017e\u010fanoch, potom bud&uacute; pokra\u010dova\u0165 40 podujatiami po mest&aacute;ch Saska, Dur&iacute;nska a Saska-Anhaltska do 21. okt&oacute;bra. H.Schuetz je v&yacute;znamn&yacute; ev. skladate\u013e (nar. r. 1585). Pri 100. v&yacute;ro\u010d&iacute; &#8230; <a title=\"Hudobn\u00e9 sl\u00e1vnosti v Strednom Nemecku venovan\u00e9 Lutherovi a hudbe\" class=\"read-more\" href=\"https:\/\/www.e-anjelik.sk\/index.php\/2012\/07\/25\/hudobne-slavnosti-v-strednom-nemecku-venovane-lutherovi-a-hudbe\/\" aria-label=\"Pre\u010d\u00edtajte si viac o Hudobn\u00e9 sl\u00e1vnosti v Strednom Nemecku venovan\u00e9 Lutherovi a hudbe\">\u010c\u00edta\u0165 viac<\/a><\/p>\n","protected":false},"author":22,"featured_media":0,"comment_status":"open","ping_status":"open","sticky":false,"template":"","format":"standard","meta":{"footnotes":""},"categories":[1],"tags":[234],"class_list":["post-4571","post","type-post","status-publish","format-standard","hentry","category-adventna-modlitba","tag-zdruzenia-a-skupiny"],"_links":{"self":[{"href":"https:\/\/www.e-anjelik.sk\/index.php\/wp-json\/wp\/v2\/posts\/4571","targetHints":{"allow":["GET"]}}],"collection":[{"href":"https:\/\/www.e-anjelik.sk\/index.php\/wp-json\/wp\/v2\/posts"}],"about":[{"href":"https:\/\/www.e-anjelik.sk\/index.php\/wp-json\/wp\/v2\/types\/post"}],"author":[{"embeddable":true,"href":"https:\/\/www.e-anjelik.sk\/index.php\/wp-json\/wp\/v2\/users\/22"}],"replies":[{"embeddable":true,"href":"https:\/\/www.e-anjelik.sk\/index.php\/wp-json\/wp\/v2\/comments?post=4571"}],"version-history":[{"count":0,"href":"https:\/\/www.e-anjelik.sk\/index.php\/wp-json\/wp\/v2\/posts\/4571\/revisions"}],"wp:attachment":[{"href":"https:\/\/www.e-anjelik.sk\/index.php\/wp-json\/wp\/v2\/media?parent=4571"}],"wp:term":[{"taxonomy":"category","embeddable":true,"href":"https:\/\/www.e-anjelik.sk\/index.php\/wp-json\/wp\/v2\/categories?post=4571"},{"taxonomy":"post_tag","embeddable":true,"href":"https:\/\/www.e-anjelik.sk\/index.php\/wp-json\/wp\/v2\/tags?post=4571"}],"curies":[{"name":"wp","href":"https:\/\/api.w.org\/{rel}","templated":true}]}}