{"id":4576,"date":"2012-07-26T06:23:42","date_gmt":"2012-07-26T06:23:42","guid":{"rendered":"http:\/\/e-anjelik.sk\/?p=4576"},"modified":"2012-07-26T06:23:42","modified_gmt":"2012-07-26T06:23:42","slug":"katolici-a-evanjelici-prechadzaju-od-konfliktu-k-sucinnosti","status":"publish","type":"post","link":"https:\/\/www.e-anjelik.sk\/index.php\/2012\/07\/26\/katolici-a-evanjelici-prechadzaju-od-konfliktu-k-sucinnosti\/","title":{"rendered":"Katol\u00edci a evanjelici prech\u00e1dzaj\u00fa &#8222;od konfliktu k s\u00fa\u010dinnosti&#8220;."},"content":{"rendered":"<p>&nbsp;Komisia pre luter&aacute;nsko &#8211; katol&iacute;cky dial&oacute;g v r&aacute;mci pr&iacute;pravy k oslav&aacute;m 500. v&yacute;ro\u010dia reform&aacute;cie pripravila spolo\u010dn&yacute; dokument. Text m&aacute; n&aacute;zov &quot;Od konfliktu k s&uacute;\u010dinnosti.&quot;Spolo\u010dn&eacute; oslavy reform&aacute;cie boli pos&uacute;den&eacute; na 4. plen&aacute;rnom zasadnut&iacute; komisie v Ekumenickom in&scaron;tit&uacute;te Johanna Adama Mellera v Paderborne, Nemecko.Dokument pripom&iacute;na, \u017ee toto v&yacute;ro\u010die je toto\u017en&eacute; s 50. v&yacute;ro\u010d&iacute;m za\u010datia luter&aacute;nsko &#8211; katol&iacute;ckeho dial&oacute;gu v r. 1967. Dial&oacute;g bol iniciovan&yacute; SLZ a P&aacute;pe\u017eskou radou pre napom&aacute;hanie jednoty kres\u0165anov. Sviatos\u0165 Krstu rob&iacute; luter&aacute;nov a katol&iacute;kov \u010dlenmi jedn&eacute;ho Tela Kristovho.Za 50 rokov dial&oacute;gu sa dosiahol u\u017e ist&yacute; stupe\u0148 pokroku , ale je e&scaron;te dos\u0165 deliacich probl&eacute;mov. Paderborsk&aacute; komisia sa e&scaron;te obozn&aacute;mila s projektom &quot; Krst a rast&uacute;ca kres\u0165ansk&aacute; obec&quot;. Bud&uacute;ce zasadnutie komisie bude od 12. do 20. augusta 2013 v Japonsku.&nbsp;<\/p>\n<p>(www.baznica.info)<\/p>\n","protected":false},"excerpt":{"rendered":"<p>&nbsp;Komisia pre luter&aacute;nsko &#8211; katol&iacute;cky dial&oacute;g v r&aacute;mci pr&iacute;pravy k oslav&aacute;m 500. v&yacute;ro\u010dia reform&aacute;cie pripravila spolo\u010dn&yacute; dokument. Text m&aacute; n&aacute;zov &quot;Od konfliktu k s&uacute;\u010dinnosti.&quot;Spolo\u010dn&eacute; oslavy reform&aacute;cie boli pos&uacute;den&eacute; na 4. plen&aacute;rnom zasadnut&iacute; komisie v Ekumenickom in&scaron;tit&uacute;te Johanna Adama Mellera v Paderborne, Nemecko.Dokument pripom&iacute;na, \u017ee toto v&yacute;ro\u010die je toto\u017en&eacute; s 50. v&yacute;ro\u010d&iacute;m za\u010datia luter&aacute;nsko &#8211; katol&iacute;ckeho &#8230; <a title=\"Katol\u00edci a evanjelici prech\u00e1dzaj\u00fa &#8222;od konfliktu k s\u00fa\u010dinnosti&#8220;.\" class=\"read-more\" href=\"https:\/\/www.e-anjelik.sk\/index.php\/2012\/07\/26\/katolici-a-evanjelici-prechadzaju-od-konfliktu-k-sucinnosti\/\" aria-label=\"Pre\u010d\u00edtajte si viac o Katol\u00edci a evanjelici prech\u00e1dzaj\u00fa &#8222;od konfliktu k s\u00fa\u010dinnosti&#8220;.\">\u010c\u00edta\u0165 viac<\/a><\/p>\n","protected":false},"author":22,"featured_media":0,"comment_status":"open","ping_status":"open","sticky":false,"template":"","format":"standard","meta":{"footnotes":""},"categories":[2],"tags":[],"class_list":["post-4576","post","type-post","status-publish","format-standard","hentry","category-ekumena"],"_links":{"self":[{"href":"https:\/\/www.e-anjelik.sk\/index.php\/wp-json\/wp\/v2\/posts\/4576","targetHints":{"allow":["GET"]}}],"collection":[{"href":"https:\/\/www.e-anjelik.sk\/index.php\/wp-json\/wp\/v2\/posts"}],"about":[{"href":"https:\/\/www.e-anjelik.sk\/index.php\/wp-json\/wp\/v2\/types\/post"}],"author":[{"embeddable":true,"href":"https:\/\/www.e-anjelik.sk\/index.php\/wp-json\/wp\/v2\/users\/22"}],"replies":[{"embeddable":true,"href":"https:\/\/www.e-anjelik.sk\/index.php\/wp-json\/wp\/v2\/comments?post=4576"}],"version-history":[{"count":0,"href":"https:\/\/www.e-anjelik.sk\/index.php\/wp-json\/wp\/v2\/posts\/4576\/revisions"}],"wp:attachment":[{"href":"https:\/\/www.e-anjelik.sk\/index.php\/wp-json\/wp\/v2\/media?parent=4576"}],"wp:term":[{"taxonomy":"category","embeddable":true,"href":"https:\/\/www.e-anjelik.sk\/index.php\/wp-json\/wp\/v2\/categories?post=4576"},{"taxonomy":"post_tag","embeddable":true,"href":"https:\/\/www.e-anjelik.sk\/index.php\/wp-json\/wp\/v2\/tags?post=4576"}],"curies":[{"name":"wp","href":"https:\/\/api.w.org\/{rel}","templated":true}]}}