{"id":4590,"date":"2012-08-01T17:11:52","date_gmt":"2012-08-01T17:11:52","guid":{"rendered":"http:\/\/e-anjelik.sk\/?p=4590"},"modified":"2012-08-01T17:11:52","modified_gmt":"2012-08-01T17:11:52","slug":"1-august","status":"publish","type":"post","link":"https:\/\/www.e-anjelik.sk\/index.php\/2012\/08\/01\/1-august\/","title":{"rendered":"1. august"},"content":{"rendered":"<p>1. AUGUST<\/p>\n<p>&#8230;ale vyhuben\u00e1 bude z \u013eudu ka\u017ed\u00e1 du\u0161a, ktor\u00e1 by neposl\u00fachala toho proroka.<\/p>\n<p>Skutky apo\u0161tolov 3, 23<\/p>\n<p>\u010cl\u00e1nok o ospravedlnen\u00ed nedok\u00e1\u017eu nepriatelia pravdy znies\u0165. N\u00e1m v\u0161ak nesmie ch\u00fdba\u0165 ( nedok\u00e1\u017eeme ho postr\u00e1da\u0165). Lebo keby tohto \u010dl\u00e1nku nebolo, nebola by ani cirkev a nedok\u00e1zala by odporova\u0165 nijak\u00e9mu bludu. Bez tohto \u010dl\u00e1nku sme aj bez Ducha Sv\u00e4t\u00e9ho, a bez neho ani by\u0165 pri n\u00e1s nedok\u00e1\u017ee, lebo On n\u00e1m objas\u0148uje Krista.<\/p>\n<p>Na tomto \u010dl\u00e1nku pri\u010dasto svet stroskotal pr\u00edvalom hriechov, b\u00farok, z\u00e1plav, vojen a najr\u00f4znej\u0161\u00edch pliag. Pre tento \u010dl\u00e1nok bol zavra\u017eden\u00fd \u00c1bel a v\u0161etci sv\u00e4t\u00ed. Aj v\u0161etci kres\u0165ania musia by\u0165 pripraven\u00ed zomiera\u0165. Preto\u017ee on zostal a mus\u00ed zosta\u0165, a svet mus\u00ed na \u0148om neprestajne hyn\u00fa\u0165.<\/p>\n<p>Ak by mal svet u\u017e aj padn\u00fa\u0165 a na tomto \u010dl\u00e1nku sa zr\u00fati\u0165, a aj keby zaraz zhl\u00fapol a zo\u0161alel, mus\u00ed tento \u010dl\u00e1nok necha\u0165 neporu\u0161en\u00fd, a pre\u0148 hoci aj do pekiel upadn\u00fa\u0165. Amen.<\/p>\n<p>Martin Luther: Smerovn\u00edk kres\u0165anskej cesty<\/p>\n","protected":false},"excerpt":{"rendered":"<p>1. AUGUST &#8230;ale vyhuben\u00e1 bude z \u013eudu ka\u017ed\u00e1 du\u0161a, ktor\u00e1 by neposl\u00fachala toho proroka. Skutky apo\u0161tolov 3, 23 \u010cl\u00e1nok o ospravedlnen\u00ed nedok\u00e1\u017eu nepriatelia pravdy znies\u0165. N\u00e1m v\u0161ak nesmie ch\u00fdba\u0165 ( nedok\u00e1\u017eeme ho postr\u00e1da\u0165). Lebo keby tohto \u010dl\u00e1nku nebolo, nebola by ani cirkev a nedok\u00e1zala by odporova\u0165 nijak\u00e9mu bludu. Bez tohto \u010dl\u00e1nku sme aj bez Ducha &#8230; <a title=\"1. august\" class=\"read-more\" href=\"https:\/\/www.e-anjelik.sk\/index.php\/2012\/08\/01\/1-august\/\" aria-label=\"Pre\u010d\u00edtajte si viac o 1. august\">\u010c\u00edta\u0165 viac<\/a><\/p>\n","protected":false},"author":4,"featured_media":0,"comment_status":"open","ping_status":"open","sticky":false,"template":"","format":"standard","meta":{"footnotes":""},"categories":[95],"tags":[],"class_list":["post-4590","post","type-post","status-publish","format-standard","hentry","category-sobotiste"],"_links":{"self":[{"href":"https:\/\/www.e-anjelik.sk\/index.php\/wp-json\/wp\/v2\/posts\/4590","targetHints":{"allow":["GET"]}}],"collection":[{"href":"https:\/\/www.e-anjelik.sk\/index.php\/wp-json\/wp\/v2\/posts"}],"about":[{"href":"https:\/\/www.e-anjelik.sk\/index.php\/wp-json\/wp\/v2\/types\/post"}],"author":[{"embeddable":true,"href":"https:\/\/www.e-anjelik.sk\/index.php\/wp-json\/wp\/v2\/users\/4"}],"replies":[{"embeddable":true,"href":"https:\/\/www.e-anjelik.sk\/index.php\/wp-json\/wp\/v2\/comments?post=4590"}],"version-history":[{"count":0,"href":"https:\/\/www.e-anjelik.sk\/index.php\/wp-json\/wp\/v2\/posts\/4590\/revisions"}],"wp:attachment":[{"href":"https:\/\/www.e-anjelik.sk\/index.php\/wp-json\/wp\/v2\/media?parent=4590"}],"wp:term":[{"taxonomy":"category","embeddable":true,"href":"https:\/\/www.e-anjelik.sk\/index.php\/wp-json\/wp\/v2\/categories?post=4590"},{"taxonomy":"post_tag","embeddable":true,"href":"https:\/\/www.e-anjelik.sk\/index.php\/wp-json\/wp\/v2\/tags?post=4590"}],"curies":[{"name":"wp","href":"https:\/\/api.w.org\/{rel}","templated":true}]}}