{"id":4591,"date":"2012-08-02T05:55:53","date_gmt":"2012-08-02T05:55:53","guid":{"rendered":"http:\/\/e-anjelik.sk\/?p=4591"},"modified":"2012-08-02T05:55:53","modified_gmt":"2012-08-02T05:55:53","slug":"n-schneider-na-loh","status":"publish","type":"post","link":"https:\/\/www.e-anjelik.sk\/index.php\/2012\/08\/02\/n-schneider-na-loh\/","title":{"rendered":"N. Schneider na LOH"},"content":{"rendered":"<p>Predseda Rady Evanjelickej cirkvi Nemecka (EKD) pr&eacute;zes Nikolaus Schneider nav&scaron;t&iacute;vi v d\u0148och 5. a\u017e 7. augusta 2012 LOH v Lond&yacute;ne. Chce si ucti\u0165 a s&uacute;\u010dasne pozdvihn&uacute;\u0165 pr&aacute;cu olympijsk&yacute;ch nemeck&yacute;ch far&aacute;rov. V nede\u013eu 5. augusta vo ve\u010dern&yacute;ch hodin&aacute;ch bude v Nemeckom dome ekumenick&aacute; bohoslu\u017eba za &uacute;\u010dasti olympijsk&yacute;ch nemeck&yacute;ch far&aacute;rov oboch konfesi&iacute;, ale aj nemeck&yacute;ch ev. far&aacute;rov trvale \u010dinn&yacute;ch v Lond&yacute;ne. Na nich bude k&aacute;za\u0165 predseda Rady EKD.Okrem toho sa Schneider te&scaron;&iacute;, \u017ee uvid&iacute; live niektor&eacute; s&uacute;\u0165a\u017ee.<\/p>\n<p>(<a href=\"http:\/\/www.ekd.de\">www.idea.de<\/a>)<\/p>\n","protected":false},"excerpt":{"rendered":"<p>Predseda Rady Evanjelickej cirkvi Nemecka (EKD) pr&eacute;zes Nikolaus Schneider nav&scaron;t&iacute;vi v d\u0148och 5. a\u017e 7. augusta 2012 LOH v Lond&yacute;ne. Chce si ucti\u0165 a s&uacute;\u010dasne pozdvihn&uacute;\u0165 pr&aacute;cu olympijsk&yacute;ch nemeck&yacute;ch far&aacute;rov. V nede\u013eu 5. augusta vo ve\u010dern&yacute;ch hodin&aacute;ch bude v Nemeckom dome ekumenick&aacute; bohoslu\u017eba za &uacute;\u010dasti olympijsk&yacute;ch nemeck&yacute;ch far&aacute;rov oboch konfesi&iacute;, ale aj nemeck&yacute;ch ev. far&aacute;rov &#8230; <a title=\"N. Schneider na LOH\" class=\"read-more\" href=\"https:\/\/www.e-anjelik.sk\/index.php\/2012\/08\/02\/n-schneider-na-loh\/\" aria-label=\"Pre\u010d\u00edtajte si viac o N. Schneider na LOH\">\u010c\u00edta\u0165 viac<\/a><\/p>\n","protected":false},"author":22,"featured_media":0,"comment_status":"open","ping_status":"open","sticky":false,"template":"","format":"standard","meta":{"footnotes":""},"categories":[9,10],"tags":[],"class_list":["post-4591","post","type-post","status-publish","format-standard","hentry","category-europa","category-zo-sveta"],"_links":{"self":[{"href":"https:\/\/www.e-anjelik.sk\/index.php\/wp-json\/wp\/v2\/posts\/4591","targetHints":{"allow":["GET"]}}],"collection":[{"href":"https:\/\/www.e-anjelik.sk\/index.php\/wp-json\/wp\/v2\/posts"}],"about":[{"href":"https:\/\/www.e-anjelik.sk\/index.php\/wp-json\/wp\/v2\/types\/post"}],"author":[{"embeddable":true,"href":"https:\/\/www.e-anjelik.sk\/index.php\/wp-json\/wp\/v2\/users\/22"}],"replies":[{"embeddable":true,"href":"https:\/\/www.e-anjelik.sk\/index.php\/wp-json\/wp\/v2\/comments?post=4591"}],"version-history":[{"count":0,"href":"https:\/\/www.e-anjelik.sk\/index.php\/wp-json\/wp\/v2\/posts\/4591\/revisions"}],"wp:attachment":[{"href":"https:\/\/www.e-anjelik.sk\/index.php\/wp-json\/wp\/v2\/media?parent=4591"}],"wp:term":[{"taxonomy":"category","embeddable":true,"href":"https:\/\/www.e-anjelik.sk\/index.php\/wp-json\/wp\/v2\/categories?post=4591"},{"taxonomy":"post_tag","embeddable":true,"href":"https:\/\/www.e-anjelik.sk\/index.php\/wp-json\/wp\/v2\/tags?post=4591"}],"curies":[{"name":"wp","href":"https:\/\/api.w.org\/{rel}","templated":true}]}}