{"id":4592,"date":"2012-08-02T06:08:30","date_gmt":"2012-08-02T06:08:30","guid":{"rendered":"http:\/\/e-anjelik.sk\/?p=4592"},"modified":"2012-08-02T06:08:30","modified_gmt":"2012-08-02T06:08:30","slug":"motocyklisti-na-stretnuti-vo-forchheime-nemecko","status":"publish","type":"post","link":"https:\/\/www.e-anjelik.sk\/index.php\/2012\/08\/02\/motocyklisti-na-stretnuti-vo-forchheime-nemecko\/","title":{"rendered":"Motocyklisti na stretnut\u00ed vo Forchheime, Nemecko"},"content":{"rendered":"<p>Jazdia na siln&yacute;ch motocykloch, maj&uacute; oble\u010denie z \u010diernej ko\u017ee, niekedy \u010dierne tri\u010dk&aacute;, mnoh&iacute; s&uacute; tetovan&iacute;, ale v podstaste s&uacute; to mil&iacute; \u013eudia. T&iacute;to sa v \u010dase od 1. do 5. augusta sch&aacute;dzaj&uacute; v severofranskom meste Forchheime, aby tu pre\u017eili spolo\u010dn&eacute; chv&iacute;le a prin&aacute;&scaron;ali \u013eu\u010fom evanjelium. Ide toti\u017e o stretnutie &quot;Eur&oacute;pskych motocyklistov pre Krista&quot;. Je to medzin&aacute;rodn&aacute; eur&oacute;pska organiz&aacute;cia kres\u0165ansk&yacute;ch motocyklistov (EMC). Organiz&aacute;cia je nadkonfesijn&aacute;, v&auml;\u010d&scaron;ina jej \u010dlenov poch&aacute;dza zo slobodn&yacute;ch cirkv&iacute;. O\u010dak&aacute;va sa &uacute;\u010das\u0165 od 500 do 700 trval&yacute;ch os&ocirc;b.<\/p>\n<p>(<a href=\"http:\/\/www.ekd.de\">www.ekd.de<\/a>)<\/p>\n","protected":false},"excerpt":{"rendered":"<p>Jazdia na siln&yacute;ch motocykloch, maj&uacute; oble\u010denie z \u010diernej ko\u017ee, niekedy \u010dierne tri\u010dk&aacute;, mnoh&iacute; s&uacute; tetovan&iacute;, ale v podstaste s&uacute; to mil&iacute; \u013eudia. T&iacute;to sa v \u010dase od 1. do 5. augusta sch&aacute;dzaj&uacute; v severofranskom meste Forchheime, aby tu pre\u017eili spolo\u010dn&eacute; chv&iacute;le a prin&aacute;&scaron;ali \u013eu\u010fom evanjelium. Ide toti\u017e o stretnutie &quot;Eur&oacute;pskych motocyklistov pre Krista&quot;. Je to &#8230; <a title=\"Motocyklisti na stretnut\u00ed vo Forchheime, Nemecko\" class=\"read-more\" href=\"https:\/\/www.e-anjelik.sk\/index.php\/2012\/08\/02\/motocyklisti-na-stretnuti-vo-forchheime-nemecko\/\" aria-label=\"Pre\u010d\u00edtajte si viac o Motocyklisti na stretnut\u00ed vo Forchheime, Nemecko\">\u010c\u00edta\u0165 viac<\/a><\/p>\n","protected":false},"author":22,"featured_media":0,"comment_status":"open","ping_status":"open","sticky":false,"template":"","format":"standard","meta":{"footnotes":""},"categories":[1],"tags":[234],"class_list":["post-4592","post","type-post","status-publish","format-standard","hentry","category-adventna-modlitba","tag-zdruzenia-a-skupiny"],"_links":{"self":[{"href":"https:\/\/www.e-anjelik.sk\/index.php\/wp-json\/wp\/v2\/posts\/4592","targetHints":{"allow":["GET"]}}],"collection":[{"href":"https:\/\/www.e-anjelik.sk\/index.php\/wp-json\/wp\/v2\/posts"}],"about":[{"href":"https:\/\/www.e-anjelik.sk\/index.php\/wp-json\/wp\/v2\/types\/post"}],"author":[{"embeddable":true,"href":"https:\/\/www.e-anjelik.sk\/index.php\/wp-json\/wp\/v2\/users\/22"}],"replies":[{"embeddable":true,"href":"https:\/\/www.e-anjelik.sk\/index.php\/wp-json\/wp\/v2\/comments?post=4592"}],"version-history":[{"count":0,"href":"https:\/\/www.e-anjelik.sk\/index.php\/wp-json\/wp\/v2\/posts\/4592\/revisions"}],"wp:attachment":[{"href":"https:\/\/www.e-anjelik.sk\/index.php\/wp-json\/wp\/v2\/media?parent=4592"}],"wp:term":[{"taxonomy":"category","embeddable":true,"href":"https:\/\/www.e-anjelik.sk\/index.php\/wp-json\/wp\/v2\/categories?post=4592"},{"taxonomy":"post_tag","embeddable":true,"href":"https:\/\/www.e-anjelik.sk\/index.php\/wp-json\/wp\/v2\/tags?post=4592"}],"curies":[{"name":"wp","href":"https:\/\/api.w.org\/{rel}","templated":true}]}}