{"id":4594,"date":"2012-08-03T06:24:15","date_gmt":"2012-08-03T06:24:15","guid":{"rendered":"http:\/\/e-anjelik.sk\/?p=4594"},"modified":"2012-08-03T06:24:15","modified_gmt":"2012-08-03T06:24:15","slug":"2-august","status":"publish","type":"post","link":"https:\/\/www.e-anjelik.sk\/index.php\/2012\/08\/03\/2-august\/","title":{"rendered":"2. AUGUST"},"content":{"rendered":"<p>                              2. AUGUST<\/p>\n<p>(Kristus) On je obe\u0165ou zmierenia za na\u0161e hriechy, a nielen za na\u0161e, ale aj za hriechy cel\u00e9ho sveta.<\/p>\n<p>                                                                                                                      1 J\u00e1nov 2, 2<\/p>\n<p>     Uvedomujeme si ve\u013emi dobre, pre\u010do po\u017eadujem d\u00f4razne, aby sme sa Krista u\u010dili pozna\u0165 spr\u00e1vne a osobne. Lebo Kristus nie je tak\u00fd Mu\u017e, ktor\u00fd od n\u00e1s nie\u010do po\u017eaduje, ale je Zmiercom, ktor\u00fd v\u0161etk\u00fdch hrie\u0161nikov na celom svete s Bohom zmieruje.<\/p>\n<p>      Ke\u010f\u017ee si  jedn\u00fdm z hrie\u0161nikov, a v\u0161etci sme hrie\u0161ni, \u010do je skuto\u010dne pravda, nepredstavuj si v tele \u017eiv\u00e9ho Krista, akoby sedel na d\u00fahe a bol Sudcom; takto by si si musel v zdesen\u00ed a strachu z\u00fafa\u0165; ale chy\u0165 sa Ho v spr\u00e1vnom obraze, vidiac Ho ako Syna Bo\u017eieho a Panny M\u00e1rie. V tejto podobe nedes\u00ed nikoho,  viac \u2013 menej trp\u00ed, tr\u00e1pi sa, nezavrhuje n\u00e1s \u00faboh\u00fdch hrie\u0161nikov, neh\u013ead\u00e1 nijak\u00e9 ods\u00fadenie n\u00e1\u0161ho \u017eivota, s ktor\u00fdm tak zle naklad\u00e1me, ale je svoj\u00edm umu\u010den\u00edm a smr\u0165ou obe\u0165ou zmierenia za hriechy cel\u00e9ho sveta.<\/p>\n<p>          Martin Luther: Smerovn\u00edk kres\u0165anskej cesty<\/p>\n","protected":false},"excerpt":{"rendered":"<p>2. AUGUST (Kristus) On je obe\u0165ou zmierenia za na\u0161e hriechy, a nielen za na\u0161e, ale aj za hriechy cel\u00e9ho sveta. 1 J\u00e1nov 2, 2 Uvedomujeme si ve\u013emi dobre, pre\u010do po\u017eadujem d\u00f4razne, aby sme sa Krista u\u010dili pozna\u0165 spr\u00e1vne a osobne. Lebo Kristus nie je tak\u00fd Mu\u017e, ktor\u00fd od n\u00e1s nie\u010do po\u017eaduje, ale je Zmiercom, ktor\u00fd &#8230; <a title=\"2. AUGUST\" class=\"read-more\" href=\"https:\/\/www.e-anjelik.sk\/index.php\/2012\/08\/03\/2-august\/\" aria-label=\"Pre\u010d\u00edtajte si viac o 2. AUGUST\">\u010c\u00edta\u0165 viac<\/a><\/p>\n","protected":false},"author":4,"featured_media":0,"comment_status":"open","ping_status":"open","sticky":false,"template":"","format":"standard","meta":{"footnotes":""},"categories":[1],"tags":[],"class_list":["post-4594","post","type-post","status-publish","format-standard","hentry","category-adventna-modlitba"],"_links":{"self":[{"href":"https:\/\/www.e-anjelik.sk\/index.php\/wp-json\/wp\/v2\/posts\/4594","targetHints":{"allow":["GET"]}}],"collection":[{"href":"https:\/\/www.e-anjelik.sk\/index.php\/wp-json\/wp\/v2\/posts"}],"about":[{"href":"https:\/\/www.e-anjelik.sk\/index.php\/wp-json\/wp\/v2\/types\/post"}],"author":[{"embeddable":true,"href":"https:\/\/www.e-anjelik.sk\/index.php\/wp-json\/wp\/v2\/users\/4"}],"replies":[{"embeddable":true,"href":"https:\/\/www.e-anjelik.sk\/index.php\/wp-json\/wp\/v2\/comments?post=4594"}],"version-history":[{"count":0,"href":"https:\/\/www.e-anjelik.sk\/index.php\/wp-json\/wp\/v2\/posts\/4594\/revisions"}],"wp:attachment":[{"href":"https:\/\/www.e-anjelik.sk\/index.php\/wp-json\/wp\/v2\/media?parent=4594"}],"wp:term":[{"taxonomy":"category","embeddable":true,"href":"https:\/\/www.e-anjelik.sk\/index.php\/wp-json\/wp\/v2\/categories?post=4594"},{"taxonomy":"post_tag","embeddable":true,"href":"https:\/\/www.e-anjelik.sk\/index.php\/wp-json\/wp\/v2\/tags?post=4594"}],"curies":[{"name":"wp","href":"https:\/\/api.w.org\/{rel}","templated":true}]}}