{"id":4613,"date":"2012-08-09T16:28:39","date_gmt":"2012-08-09T16:28:39","guid":{"rendered":"http:\/\/e-anjelik.sk\/?p=4613"},"modified":"2012-08-09T16:28:39","modified_gmt":"2012-08-09T16:28:39","slug":"navrh-na-menovanie-noveho-vojenskeho-biskupa-vo-finsku","status":"publish","type":"post","link":"https:\/\/www.e-anjelik.sk\/index.php\/2012\/08\/09\/navrh-na-menovanie-noveho-vojenskeho-biskupa-vo-finsku\/","title":{"rendered":"N\u00e1vrh na menovanie nov\u00e9ho vojensk\u00e9ho biskupa vo F\u00ednsku"},"content":{"rendered":"<p>&Scaron;t&aacute;tna rada F&iacute;nska na svojom pravidelnom zasadnut&iacute; 9.8.2012 predlo\u017eila n&aacute;vrh, aby prezident F&iacute;nskej republiky vymenoval od 1.9. 2012 za nov&eacute;ho vojensk&eacute;ho biskupa 49 -ro\u010dn&eacute;ho far&aacute;ra , doktora teol&oacute;gie Pekka Serkioe. Slu\u017eobn&aacute; doba trv&aacute; p&auml;\u0165 rokov. Vojensk&yacute; biskup je takisto \u010dlenom synody a zboru biskupov. Teraj&scaron;&iacute; vojensk&yacute; biskup Hannu Niskanen odch&aacute;dza k 1. 9. 2012 do d&ocirc;chodku.<\/p>\n<p>(evl.fi)<\/p>\n","protected":false},"excerpt":{"rendered":"<p>&Scaron;t&aacute;tna rada F&iacute;nska na svojom pravidelnom zasadnut&iacute; 9.8.2012 predlo\u017eila n&aacute;vrh, aby prezident F&iacute;nskej republiky vymenoval od 1.9. 2012 za nov&eacute;ho vojensk&eacute;ho biskupa 49 -ro\u010dn&eacute;ho far&aacute;ra , doktora teol&oacute;gie Pekka Serkioe. Slu\u017eobn&aacute; doba trv&aacute; p&auml;\u0165 rokov. Vojensk&yacute; biskup je takisto \u010dlenom synody a zboru biskupov. Teraj&scaron;&iacute; vojensk&yacute; biskup Hannu Niskanen odch&aacute;dza k 1. 9. 2012 do &#8230; <a title=\"N\u00e1vrh na menovanie nov\u00e9ho vojensk\u00e9ho biskupa vo F\u00ednsku\" class=\"read-more\" href=\"https:\/\/www.e-anjelik.sk\/index.php\/2012\/08\/09\/navrh-na-menovanie-noveho-vojenskeho-biskupa-vo-finsku\/\" aria-label=\"Pre\u010d\u00edtajte si viac o N\u00e1vrh na menovanie nov\u00e9ho vojensk\u00e9ho biskupa vo F\u00ednsku\">\u010c\u00edta\u0165 viac<\/a><\/p>\n","protected":false},"author":22,"featured_media":0,"comment_status":"open","ping_status":"open","sticky":false,"template":"","format":"standard","meta":{"footnotes":""},"categories":[9,10],"tags":[],"class_list":["post-4613","post","type-post","status-publish","format-standard","hentry","category-europa","category-zo-sveta"],"_links":{"self":[{"href":"https:\/\/www.e-anjelik.sk\/index.php\/wp-json\/wp\/v2\/posts\/4613","targetHints":{"allow":["GET"]}}],"collection":[{"href":"https:\/\/www.e-anjelik.sk\/index.php\/wp-json\/wp\/v2\/posts"}],"about":[{"href":"https:\/\/www.e-anjelik.sk\/index.php\/wp-json\/wp\/v2\/types\/post"}],"author":[{"embeddable":true,"href":"https:\/\/www.e-anjelik.sk\/index.php\/wp-json\/wp\/v2\/users\/22"}],"replies":[{"embeddable":true,"href":"https:\/\/www.e-anjelik.sk\/index.php\/wp-json\/wp\/v2\/comments?post=4613"}],"version-history":[{"count":0,"href":"https:\/\/www.e-anjelik.sk\/index.php\/wp-json\/wp\/v2\/posts\/4613\/revisions"}],"wp:attachment":[{"href":"https:\/\/www.e-anjelik.sk\/index.php\/wp-json\/wp\/v2\/media?parent=4613"}],"wp:term":[{"taxonomy":"category","embeddable":true,"href":"https:\/\/www.e-anjelik.sk\/index.php\/wp-json\/wp\/v2\/categories?post=4613"},{"taxonomy":"post_tag","embeddable":true,"href":"https:\/\/www.e-anjelik.sk\/index.php\/wp-json\/wp\/v2\/tags?post=4613"}],"curies":[{"name":"wp","href":"https:\/\/api.w.org\/{rel}","templated":true}]}}