{"id":4616,"date":"2012-08-10T13:44:27","date_gmt":"2012-08-10T13:44:27","guid":{"rendered":"http:\/\/e-anjelik.sk\/?p=4616"},"modified":"2012-08-10T13:44:27","modified_gmt":"2012-08-10T13:44:27","slug":"wuerttemberska-cirkev-suspendovala-z-uradu-svojho-farara","status":"publish","type":"post","link":"https:\/\/www.e-anjelik.sk\/index.php\/2012\/08\/10\/wuerttemberska-cirkev-suspendovala-z-uradu-svojho-farara\/","title":{"rendered":"Wuerttembersk\u00e1 cirkev suspendovala z \u00faradu svojho far\u00e1ra"},"content":{"rendered":"<p>Na&scaron;a partnersk&aacute; Evanjelick&aacute; krajinsk&aacute; cirkev vo Wuerttembersku s &uacute;\u010dinkom od 6. augusta 2012 suspendovala svojho zborov&eacute;ho far&aacute;ra v Seewalg-Goettelfingene, 45-ro\u010dn&eacute;ho Andreasa Theurera .On a jeho man\u017eelka Gudrun, \u010dlenka krajinskej synody, rozhodli sa opusti\u0165 ev. cirkev a prest&uacute;pi\u0165 do katol&iacute;ckej cirkvi. Okrem prestupu je pr&iacute;\u010dinou aj jeho kniha , ktor&uacute; vydal pod titulom &quot;Pre\u010do nie sme v&scaron;etci katol&iacute;ci?&quot; . Svojimi vyjadreniami opustil p&ocirc;du ev. cirkvi a ev. vyznania, preto je zbaven&yacute; v&scaron;etk&yacute;ch slu\u017eobn&yacute;ch povinnost&iacute;. Vyst&uacute;penie od&ocirc;vodnil z d&ocirc;vodov svedomia. Od 1. novembra 2012 m&aacute; pripraven&eacute; nov&eacute; miesto v biskupstve Augsburg.<\/p>\n<p>(<a href=\"http:\/\/www.elk-wue.de\">www.elk-wue.de<\/a>)<\/p>\n","protected":false},"excerpt":{"rendered":"<p>Na&scaron;a partnersk&aacute; Evanjelick&aacute; krajinsk&aacute; cirkev vo Wuerttembersku s &uacute;\u010dinkom od 6. augusta 2012 suspendovala svojho zborov&eacute;ho far&aacute;ra v Seewalg-Goettelfingene, 45-ro\u010dn&eacute;ho Andreasa Theurera .On a jeho man\u017eelka Gudrun, \u010dlenka krajinskej synody, rozhodli sa opusti\u0165 ev. cirkev a prest&uacute;pi\u0165 do katol&iacute;ckej cirkvi. Okrem prestupu je pr&iacute;\u010dinou aj jeho kniha , ktor&uacute; vydal pod titulom &quot;Pre\u010do nie sme &#8230; <a title=\"Wuerttembersk\u00e1 cirkev suspendovala z \u00faradu svojho far\u00e1ra\" class=\"read-more\" href=\"https:\/\/www.e-anjelik.sk\/index.php\/2012\/08\/10\/wuerttemberska-cirkev-suspendovala-z-uradu-svojho-farara\/\" aria-label=\"Pre\u010d\u00edtajte si viac o Wuerttembersk\u00e1 cirkev suspendovala z \u00faradu svojho far\u00e1ra\">\u010c\u00edta\u0165 viac<\/a><\/p>\n","protected":false},"author":22,"featured_media":0,"comment_status":"open","ping_status":"open","sticky":false,"template":"","format":"standard","meta":{"footnotes":""},"categories":[9,10],"tags":[],"class_list":["post-4616","post","type-post","status-publish","format-standard","hentry","category-europa","category-zo-sveta"],"_links":{"self":[{"href":"https:\/\/www.e-anjelik.sk\/index.php\/wp-json\/wp\/v2\/posts\/4616","targetHints":{"allow":["GET"]}}],"collection":[{"href":"https:\/\/www.e-anjelik.sk\/index.php\/wp-json\/wp\/v2\/posts"}],"about":[{"href":"https:\/\/www.e-anjelik.sk\/index.php\/wp-json\/wp\/v2\/types\/post"}],"author":[{"embeddable":true,"href":"https:\/\/www.e-anjelik.sk\/index.php\/wp-json\/wp\/v2\/users\/22"}],"replies":[{"embeddable":true,"href":"https:\/\/www.e-anjelik.sk\/index.php\/wp-json\/wp\/v2\/comments?post=4616"}],"version-history":[{"count":0,"href":"https:\/\/www.e-anjelik.sk\/index.php\/wp-json\/wp\/v2\/posts\/4616\/revisions"}],"wp:attachment":[{"href":"https:\/\/www.e-anjelik.sk\/index.php\/wp-json\/wp\/v2\/media?parent=4616"}],"wp:term":[{"taxonomy":"category","embeddable":true,"href":"https:\/\/www.e-anjelik.sk\/index.php\/wp-json\/wp\/v2\/categories?post=4616"},{"taxonomy":"post_tag","embeddable":true,"href":"https:\/\/www.e-anjelik.sk\/index.php\/wp-json\/wp\/v2\/tags?post=4616"}],"curies":[{"name":"wp","href":"https:\/\/api.w.org\/{rel}","templated":true}]}}