{"id":4617,"date":"2012-08-10T13:55:10","date_gmt":"2012-08-10T13:55:10","guid":{"rendered":"http:\/\/e-anjelik.sk\/?p=4617"},"modified":"2012-08-10T13:55:10","modified_gmt":"2012-08-10T13:55:10","slug":"elsa-mala-zasadnutie-vo-velkom-slavkove","status":"publish","type":"post","link":"https:\/\/www.e-anjelik.sk\/index.php\/2012\/08\/10\/elsa-mala-zasadnutie-vo-velkom-slavkove\/","title":{"rendered":"ELSA mala zasadnutie vo Ve\u013ekom Sl\u00e1vkove"},"content":{"rendered":"<p>Od 26. j&uacute;la do 1. augusta mala vo Ve\u013ekom Sl&aacute;vkove konferenciu Europska asoci&aacute;cia luter&aacute;nskych nede\u013en&yacute;ch &scaron;k&ocirc;l (ELSA). T&eacute;mou bolo &quot;Ako prin&aacute;&scaron;a\u0165 de\u0165om Bibliu v roku 2012&quot;. Zanov&eacute;ho \u010dlena tejto&nbsp;asoci&aacute;cie prijali aj Nez&aacute;visl&uacute; evanjelicko-luter&aacute;nsku cirkev Nemecka (SELK).&nbsp;&nbsp;<\/p>\n<p>(<a href=\"http:\/\/www.selk.de\">www.selk.de<\/a>)<\/p>\n","protected":false},"excerpt":{"rendered":"<p>Od 26. j&uacute;la do 1. augusta mala vo Ve\u013ekom Sl&aacute;vkove konferenciu Europska asoci&aacute;cia luter&aacute;nskych nede\u013en&yacute;ch &scaron;k&ocirc;l (ELSA). T&eacute;mou bolo &quot;Ako prin&aacute;&scaron;a\u0165 de\u0165om Bibliu v roku 2012&quot;. Zanov&eacute;ho \u010dlena tejto&nbsp;asoci&aacute;cie prijali aj Nez&aacute;visl&uacute; evanjelicko-luter&aacute;nsku cirkev Nemecka (SELK).&nbsp;&nbsp; (www.selk.de)<\/p>\n","protected":false},"author":22,"featured_media":0,"comment_status":"open","ping_status":"open","sticky":false,"template":"","format":"standard","meta":{"footnotes":""},"categories":[1],"tags":[234],"class_list":["post-4617","post","type-post","status-publish","format-standard","hentry","category-adventna-modlitba","tag-zdruzenia-a-skupiny"],"_links":{"self":[{"href":"https:\/\/www.e-anjelik.sk\/index.php\/wp-json\/wp\/v2\/posts\/4617","targetHints":{"allow":["GET"]}}],"collection":[{"href":"https:\/\/www.e-anjelik.sk\/index.php\/wp-json\/wp\/v2\/posts"}],"about":[{"href":"https:\/\/www.e-anjelik.sk\/index.php\/wp-json\/wp\/v2\/types\/post"}],"author":[{"embeddable":true,"href":"https:\/\/www.e-anjelik.sk\/index.php\/wp-json\/wp\/v2\/users\/22"}],"replies":[{"embeddable":true,"href":"https:\/\/www.e-anjelik.sk\/index.php\/wp-json\/wp\/v2\/comments?post=4617"}],"version-history":[{"count":0,"href":"https:\/\/www.e-anjelik.sk\/index.php\/wp-json\/wp\/v2\/posts\/4617\/revisions"}],"wp:attachment":[{"href":"https:\/\/www.e-anjelik.sk\/index.php\/wp-json\/wp\/v2\/media?parent=4617"}],"wp:term":[{"taxonomy":"category","embeddable":true,"href":"https:\/\/www.e-anjelik.sk\/index.php\/wp-json\/wp\/v2\/categories?post=4617"},{"taxonomy":"post_tag","embeddable":true,"href":"https:\/\/www.e-anjelik.sk\/index.php\/wp-json\/wp\/v2\/tags?post=4617"}],"curies":[{"name":"wp","href":"https:\/\/api.w.org\/{rel}","templated":true}]}}