{"id":4621,"date":"2012-08-13T06:58:58","date_gmt":"2012-08-13T06:58:58","guid":{"rendered":"http:\/\/e-anjelik.sk\/?p=4621"},"modified":"2012-08-13T06:58:58","modified_gmt":"2012-08-13T06:58:58","slug":"13-august","status":"publish","type":"post","link":"https:\/\/www.e-anjelik.sk\/index.php\/2012\/08\/13\/13-august\/","title":{"rendered":"13. AUGUST"},"content":{"rendered":"<p>&nbsp;<span class=\"Apple-style-span\" style=\"font-family: Helvetica; font-size: 16px; line-height: normal; \">&nbsp; &nbsp; &nbsp; &nbsp; &nbsp; &nbsp; &nbsp; &nbsp; &nbsp; &nbsp; &nbsp; &nbsp; &nbsp; &nbsp; &nbsp; &nbsp; &nbsp; &nbsp; &nbsp; &nbsp; &nbsp; &nbsp; &nbsp; &nbsp; &nbsp; &nbsp; &nbsp; &nbsp; 13. AUGUST<\/span><\/p>\n<p style=\"margin: 0.0px 0.0px 0.0px 0.0px; font: 16.0px Helvetica; min-height: 19.0px\">&nbsp;<\/p>\n<p style=\"margin: 0.0px 0.0px 0.0px 0.0px; font: 16.0px Helvetica\"><span style=\"letter-spacing: 0.0px\"><b><i>A mnoh&iacute; Samarit&aacute;ni z toho mesta uverili v neho pre slovo \u017eeny. A e&scaron;te viac ich uverilo pre Jeho re\u010d.<\/i><\/b><\/span><\/p>\n<p style=\"margin: 0.0px 0.0px 0.0px 0.0px; font: 16.0px Helvetica; min-height: 19.0px\">&nbsp;<\/p>\n<p style=\"margin: 0.0px 0.0px 0.0px 0.0px; font: 16.0px Helvetica\"><span style=\"letter-spacing: 0.0px\"><i>&nbsp; &nbsp; &nbsp; &nbsp; &nbsp; &nbsp; &nbsp; &nbsp; &nbsp; &nbsp; &nbsp; &nbsp; &nbsp; &nbsp; &nbsp; &nbsp; &nbsp; &nbsp; &nbsp; &nbsp; &nbsp; &nbsp; &nbsp; &nbsp; &nbsp; &nbsp; &nbsp; &nbsp; &nbsp; &nbsp; &nbsp; &nbsp; &nbsp; &nbsp; &nbsp; &nbsp; &nbsp; &nbsp; &nbsp; &nbsp; &nbsp; &nbsp; &nbsp; &nbsp; &nbsp; &nbsp; &nbsp; &nbsp; &nbsp; &nbsp; &nbsp; &nbsp; &nbsp; &nbsp; &nbsp; &nbsp; &nbsp; &nbsp; &nbsp; &nbsp; &nbsp; &nbsp; &nbsp; &nbsp; &nbsp; &nbsp; &nbsp; &nbsp; &nbsp; &nbsp; &nbsp; &nbsp; &nbsp; &nbsp; &nbsp; &nbsp; &nbsp; &nbsp; &nbsp;&nbsp;J&aacute;n 4, 39a a 41<\/i><\/span><\/p>\n<p style=\"margin: 0.0px 0.0px 0.0px 0.0px; font: 16.0px Helvetica; min-height: 19.0px\">&nbsp;<\/p>\n<p style=\"margin: 0.0px 0.0px 0.0px 0.0px; font: 16.0px Helvetica\"><span style=\"letter-spacing: 0.0px\"><i>&nbsp; &nbsp; &nbsp; &Oacute;, kie\u017e d&aacute; Boh, aby v&yacute;klady moje a v&scaron;etk&yacute;ch u\u010dite\u013eov zanikli&nbsp; a ka\u017ed&yacute; kres\u0165an mal pred sebou iba \u010d&iacute;re P&iacute;smo a \u010dist&eacute; Bo\u017eie slovo. Vid&iacute;&scaron; z mojej ve\u013eavravnosti, ako nesmierne neporovnate\u013en&eacute; s&uacute; Bo\u017eie slov&aacute; oproti v&scaron;etk&yacute;m \u013eudsk&yacute;m slov&aacute;m, ako skuto\u010dne nijak&yacute; \u010dlovek nedok&aacute;\u017ee ani len jedin&eacute; Bo\u017eie slovo dokonale pochopi\u0165 a vysvetli\u0165 ani v&scaron;etk&yacute;mi svojimi slovami. Ide o slovo nekone\u010dn&eacute;, chce by\u0165 uchopen&eacute; a sk&uacute;man&eacute; v pokore ducha, ako hovor&iacute; <\/i>\u017dalm 85: Chcem po\u010d&uacute;va\u0165, \u010do Hospodin hovor&iacute;&#8230;<\/span><\/p>\n<p style=\"margin: 0.0px 0.0px 0.0px 0.0px; font: 16.0px Helvetica\"><span style=\"letter-spacing: 0.0px\"><i>&nbsp; &nbsp; &nbsp; To nepochop&iacute; nikto, iba pokorn&yacute; a pozorn&yacute; duch. Kto by chcel pokra\u010dova\u0165 bez &scaron;t&uacute;dia a v&yacute;kladu, tomu by boli &scaron;tudijn&eacute; v&yacute;sledky moje&nbsp; a v&scaron;etk&yacute;ch \u013eud&iacute; nani\u010d, ba na prek&aacute;\u017eku. Preto do pr&aacute;ce, do pr&aacute;ce , mil&yacute; kres\u0165an; pokladaj moje a v&scaron;etk&yacute;ch u\u010dite\u013eov pozn&aacute;mky ako le&scaron;enie pre n&aacute;s k pravej stavbe, aby sme \u010d&iacute;re, \u010dist&eacute; Bo\u017eie slovo uchopili, vychutnali a pri \u0148om zotrvali; lebo Boh preb&yacute;va jedine na Sione! Amen.<\/i><\/span><\/p>\n<p style=\"margin: 0.0px 0.0px 0.0px 0.0px; font: 16.0px Helvetica; min-height: 19.0px\">&nbsp;<\/p>\n<p style=\"margin: 0.0px 0.0px 0.0px 0.0px; font: 12.0px Helvetica\"><span style=\"font: 16.0px Helvetica; letter-spacing: 0.0px\"><i>&nbsp; &nbsp; &nbsp; &nbsp; &nbsp; &nbsp; &nbsp; &nbsp; &nbsp; &nbsp;<\/i><\/span><span style=\"letter-spacing: 0.0px\"><i> &nbsp; &nbsp; &nbsp; &nbsp; &nbsp; &nbsp; &nbsp; &nbsp; &nbsp; &nbsp; &nbsp; &nbsp; &nbsp; &nbsp; &nbsp; &nbsp; &nbsp; &nbsp; &nbsp;Martin Luther: Smerovn&iacute;k kres\u0165anskej cesty<\/i><\/span><\/p>\n","protected":false},"excerpt":{"rendered":"<p>&nbsp;&nbsp; &nbsp; &nbsp; &nbsp; &nbsp; &nbsp; &nbsp; &nbsp; &nbsp; &nbsp; &nbsp; &nbsp; &nbsp; &nbsp; &nbsp; &nbsp; &nbsp; &nbsp; &nbsp; &nbsp; &nbsp; &nbsp; &nbsp; &nbsp; &nbsp; &nbsp; &nbsp; &nbsp; 13. AUGUST &nbsp; A mnoh&iacute; Samarit&aacute;ni z toho mesta uverili v neho pre slovo \u017eeny. A e&scaron;te viac ich uverilo pre Jeho re\u010d. &nbsp; &nbsp; &nbsp; &nbsp; &#8230; <a title=\"13. AUGUST\" class=\"read-more\" href=\"https:\/\/www.e-anjelik.sk\/index.php\/2012\/08\/13\/13-august\/\" aria-label=\"Pre\u010d\u00edtajte si viac o 13. AUGUST\">\u010c\u00edta\u0165 viac<\/a><\/p>\n","protected":false},"author":4,"featured_media":0,"comment_status":"open","ping_status":"open","sticky":false,"template":"","format":"standard","meta":{"footnotes":""},"categories":[1],"tags":[],"class_list":["post-4621","post","type-post","status-publish","format-standard","hentry","category-adventna-modlitba"],"_links":{"self":[{"href":"https:\/\/www.e-anjelik.sk\/index.php\/wp-json\/wp\/v2\/posts\/4621","targetHints":{"allow":["GET"]}}],"collection":[{"href":"https:\/\/www.e-anjelik.sk\/index.php\/wp-json\/wp\/v2\/posts"}],"about":[{"href":"https:\/\/www.e-anjelik.sk\/index.php\/wp-json\/wp\/v2\/types\/post"}],"author":[{"embeddable":true,"href":"https:\/\/www.e-anjelik.sk\/index.php\/wp-json\/wp\/v2\/users\/4"}],"replies":[{"embeddable":true,"href":"https:\/\/www.e-anjelik.sk\/index.php\/wp-json\/wp\/v2\/comments?post=4621"}],"version-history":[{"count":0,"href":"https:\/\/www.e-anjelik.sk\/index.php\/wp-json\/wp\/v2\/posts\/4621\/revisions"}],"wp:attachment":[{"href":"https:\/\/www.e-anjelik.sk\/index.php\/wp-json\/wp\/v2\/media?parent=4621"}],"wp:term":[{"taxonomy":"category","embeddable":true,"href":"https:\/\/www.e-anjelik.sk\/index.php\/wp-json\/wp\/v2\/categories?post=4621"},{"taxonomy":"post_tag","embeddable":true,"href":"https:\/\/www.e-anjelik.sk\/index.php\/wp-json\/wp\/v2\/tags?post=4621"}],"curies":[{"name":"wp","href":"https:\/\/api.w.org\/{rel}","templated":true}]}}